{"id":46883,"date":"2019-02-01T10:39:27","date_gmt":"2019-02-01T13:39:27","guid":{"rendered":"https:\/\/eldiariodesanpedro.com.ar\/sitio\/?p=46883"},"modified":"2019-02-01T10:39:37","modified_gmt":"2019-02-01T13:39:37","slug":"zarate-allanamiento-por-narcomenudeo-en-av-santa-fe-un-detenido-y-se-secuestro-marihuana-y-cocaina","status":"publish","type":"post","link":"https:\/\/eldiariodesanpedro.com.ar\/sitio\/zarate-allanamiento-por-narcomenudeo-en-av-santa-fe-un-detenido-y-se-secuestro-marihuana-y-cocaina\/","title":{"rendered":"Z\u00c1RATE: Allanamiento por narcomenudeo en Av. Santa Fe, un detenido y se secuestr\u00f3 marihuana y coca\u00edna"},"content":{"rendered":"<!-- VideographyWP Plugin Message: Automatic video embedding prevented by plugin options. -->\n\n<p>En horas de la tarde\/noche de este jueves, personal de la&nbsp;Delegaci\u00f3n de Drogas Il\u00edcitas y Crimen Organizado Z\u00e1rate \u2013 Campana, a cargo del Comisario&nbsp;Mayor Rodrigo Rodr\u00edguez, allan\u00f3 una vivienda ubicada en Av. Santa Fe, entre Catamarca y Pav\u00f3n, sospechada de ser un lugar de narcomenudeo.<\/p>\n\n\n\n<figure class=\"wp-block-image\"><img decoding=\"async\" data-src=\"http:\/\/www.enlacecritico.com\/wp-content\/uploads\/2019\/02\/49cff623-b8c8-41e8-b60b-f06743cb000d_658x400.jpg\" alt=\"\" class=\"wp-image-271034 lazyload\" src=\"data:image\/svg+xml;base64,PHN2ZyB3aWR0aD0iMSIgaGVpZ2h0PSIxIiB4bWxucz0iaHR0cDovL3d3dy53My5vcmcvMjAwMC9zdmciPjwvc3ZnPg==\" \/><\/figure>\n\n\n\n<p>En el lugar los efectivos, secuestraron dosis de marihuana y coca\u00edna preparadas para su venta, dinero en efectivo y un arma calibre 32. Su morador, un sujeto de 57 a\u00f1os, qued\u00f3 aprehendido.<\/p>\n\n\n\n<p>Enlace Cr\u00edtico consult\u00f3 al Diputado Matias Ranzini, Presidente de la Comisi\u00f3n de Seguridad de la C\u00e1mara, sobre las tareas que se vienen ejecutando en la regi\u00f3n,quien destac\u00f3 que,\u201cse<em>viene haciendo desde la Polic\u00eda&nbsp;de la Provincia un trabajo fuerte contra el narcotr\u00e1fico; las caminatas de la Policia en los barrios y la cercan\u00eda que se comenz\u00f3 hace unos meses dan sus frutos\u201d<\/em>.<\/p>\n\n\n\n<p><em>\u201cEl narcomenudeo rompe tejidos sociales en los barrios captando j\u00f3venes como instrumentos de las mafias; como soldaditos y consumidores\u201d,\u00a0<\/em>remarc\u00f3 el legislador.<\/p>\n\n\n\n<p>Fuente: <a href=\"http:\/\/www.enlacecritico.com\">Enlace Critico<\/a><\/p>\n","protected":false},"excerpt":{"rendered":"<p>En horas de la tarde\/noche de este jueves, personal de la&nbsp;Delegaci\u00f3n de Drogas Il\u00edcitas y Crimen Organizado Z\u00e1rate \u2013 Campana, a cargo del Comisario&nbsp;Mayor Rodrigo Rodr\u00edguez, allan\u00f3 una vivienda ubicada en Av. Santa Fe, entre Catamarca y Pav\u00f3n, sospechada de ser un lugar de narcomenudeo. En el lugar los efectivos, secuestraron dosis de marihuana y [&hellip;]<\/p>\n","protected":false},"author":4,"featured_media":46884,"comment_status":"open","ping_status":"closed","sticky":false,"template":"","format":"standard","meta":{"om_disable_all_campaigns":false,"_jetpack_memberships_contains_paid_content":false,"footnotes":""},"categories":[621],"tags":[],"class_list":["post-46883","post","type-post","status-publish","format-standard","has-post-thumbnail","hentry","category-regionales"],"aioseo_notices":[],"gutentor_comment":0,"jetpack_featured_media_url":"https:\/\/eldiariodesanpedro.com.ar\/sitio\/wp-content\/uploads\/2019\/02\/9121d248-0aa9-45ff-8cdd-b450a2217451_658x400.jpg","jetpack_shortlink":"https:\/\/wp.me\/p6RhLt-ccb","jetpack_sharing_enabled":true,"_links":{"self":[{"href":"https:\/\/eldiariodesanpedro.com.ar\/sitio\/wp-json\/wp\/v2\/posts\/46883","targetHints":{"allow":["GET"]}}],"collection":[{"href":"https:\/\/eldiariodesanpedro.com.ar\/sitio\/wp-json\/wp\/v2\/posts"}],"about":[{"href":"https:\/\/eldiariodesanpedro.com.ar\/sitio\/wp-json\/wp\/v2\/types\/post"}],"author":[{"embeddable":true,"href":"https:\/\/eldiariodesanpedro.com.ar\/sitio\/wp-json\/wp\/v2\/users\/4"}],"replies":[{"embeddable":true,"href":"https:\/\/eldiariodesanpedro.com.ar\/sitio\/wp-json\/wp\/v2\/comments?post=46883"}],"version-history":[{"count":1,"href":"https:\/\/eldiariodesanpedro.com.ar\/sitio\/wp-json\/wp\/v2\/posts\/46883\/revisions"}],"predecessor-version":[{"id":46885,"href":"https:\/\/eldiariodesanpedro.com.ar\/sitio\/wp-json\/wp\/v2\/posts\/46883\/revisions\/46885"}],"wp:featuredmedia":[{"embeddable":true,"href":"https:\/\/eldiariodesanpedro.com.ar\/sitio\/wp-json\/wp\/v2\/media\/46884"}],"wp:attachment":[{"href":"https:\/\/eldiariodesanpedro.com.ar\/sitio\/wp-json\/wp\/v2\/media?parent=46883"}],"wp:term":[{"taxonomy":"category","embeddable":true,"href":"https:\/\/eldiariodesanpedro.com.ar\/sitio\/wp-json\/wp\/v2\/categories?post=46883"},{"taxonomy":"post_tag","embeddable":true,"href":"https:\/\/eldiariodesanpedro.com.ar\/sitio\/wp-json\/wp\/v2\/tags?post=46883"}],"curies":[{"name":"wp","href":"https:\/\/api.w.org\/{rel}","templated":true}]}}