{"id":46880,"date":"2019-02-01T10:36:07","date_gmt":"2019-02-01T13:36:07","guid":{"rendered":"https:\/\/eldiariodesanpedro.com.ar\/sitio\/?p=46880"},"modified":"2019-02-01T10:40:11","modified_gmt":"2019-02-01T13:40:11","slug":"zarate-encuentran-muerto-a-un-hombre-en-barrio-bosch-d-que-quiso-abusar-de-una-nena-de-10-anos","status":"publish","type":"post","link":"https:\/\/eldiariodesanpedro.com.ar\/sitio\/zarate-encuentran-muerto-a-un-hombre-en-barrio-bosch-d-que-quiso-abusar-de-una-nena-de-10-anos\/","title":{"rendered":"ZARATE: Encuentran muerto a un hombre en barrio Bosch d que quiso abusar de una nena de 10 a\u00f1os"},"content":{"rendered":"<!-- VideographyWP Plugin Message: Automatic video embedding prevented by plugin options. -->\n\n<p>Un hombre de aproximadamente 60 a\u00f1os de edad fue hallado sin vida esta tarde dentro de un domicilio de barrio Bosch, en calle Buchardo y Alberdi.<\/p>\n\n\n\n<p>Seg\u00fan fuentes policiales consultadas por este portal, el fallecido hab\u00eda sido encontrado este mediod\u00eda intentando abusar de una nena de diez a\u00f1os. Familiares sacaron a la menor de inmediato y la llevaron a un lugar seguro; cerca de las 16hs tomaron conocimiento de que el sujeto se hab\u00eda quitado la vida ahorc\u00e1ndose.<\/p>\n\n\n\n<p>En el lugar se hizo presente Comisar\u00eda 1ra, Comando Patrulla, Comisar\u00eda de la Mujer, Polic\u00eda Cient\u00edfica y el Instructor Judicial. Dr. Mochetti de la UFI N\u00b0 7.<\/p>\n\n\n\n<p>Fuente: <a href=\"http:\/\/www.enlacecritico.com\/\">Enlace Critico<\/a><\/p>\n","protected":false},"excerpt":{"rendered":"<p>Un hombre de aproximadamente 60 a\u00f1os de edad fue hallado sin vida esta tarde dentro de un domicilio de barrio Bosch, en calle Buchardo y Alberdi. Seg\u00fan fuentes policiales consultadas por este portal, el fallecido hab\u00eda sido encontrado este mediod\u00eda intentando abusar de una nena de diez a\u00f1os. Familiares sacaron a la menor de inmediato [&hellip;]<\/p>\n","protected":false},"author":4,"featured_media":46881,"comment_status":"open","ping_status":"closed","sticky":false,"template":"","format":"standard","meta":{"om_disable_all_campaigns":false,"_jetpack_memberships_contains_paid_content":false,"footnotes":""},"categories":[621],"tags":[],"class_list":["post-46880","post","type-post","status-publish","format-standard","has-post-thumbnail","hentry","category-regionales"],"aioseo_notices":[],"gutentor_comment":0,"jetpack_featured_media_url":"https:\/\/eldiariodesanpedro.com.ar\/sitio\/wp-content\/uploads\/2019\/02\/Policia-2-1.jpg","jetpack_shortlink":"https:\/\/wp.me\/p6RhLt-cc8","jetpack_sharing_enabled":true,"_links":{"self":[{"href":"https:\/\/eldiariodesanpedro.com.ar\/sitio\/wp-json\/wp\/v2\/posts\/46880","targetHints":{"allow":["GET"]}}],"collection":[{"href":"https:\/\/eldiariodesanpedro.com.ar\/sitio\/wp-json\/wp\/v2\/posts"}],"about":[{"href":"https:\/\/eldiariodesanpedro.com.ar\/sitio\/wp-json\/wp\/v2\/types\/post"}],"author":[{"embeddable":true,"href":"https:\/\/eldiariodesanpedro.com.ar\/sitio\/wp-json\/wp\/v2\/users\/4"}],"replies":[{"embeddable":true,"href":"https:\/\/eldiariodesanpedro.com.ar\/sitio\/wp-json\/wp\/v2\/comments?post=46880"}],"version-history":[{"count":2,"href":"https:\/\/eldiariodesanpedro.com.ar\/sitio\/wp-json\/wp\/v2\/posts\/46880\/revisions"}],"predecessor-version":[{"id":46886,"href":"https:\/\/eldiariodesanpedro.com.ar\/sitio\/wp-json\/wp\/v2\/posts\/46880\/revisions\/46886"}],"wp:featuredmedia":[{"embeddable":true,"href":"https:\/\/eldiariodesanpedro.com.ar\/sitio\/wp-json\/wp\/v2\/media\/46881"}],"wp:attachment":[{"href":"https:\/\/eldiariodesanpedro.com.ar\/sitio\/wp-json\/wp\/v2\/media?parent=46880"}],"wp:term":[{"taxonomy":"category","embeddable":true,"href":"https:\/\/eldiariodesanpedro.com.ar\/sitio\/wp-json\/wp\/v2\/categories?post=46880"},{"taxonomy":"post_tag","embeddable":true,"href":"https:\/\/eldiariodesanpedro.com.ar\/sitio\/wp-json\/wp\/v2\/tags?post=46880"}],"curies":[{"name":"wp","href":"https:\/\/api.w.org\/{rel}","templated":true}]}}