{"id":46873,"date":"2019-02-01T10:28:45","date_gmt":"2019-02-01T13:28:45","guid":{"rendered":"https:\/\/eldiariodesanpedro.com.ar\/sitio\/?p=46873"},"modified":"2019-02-01T10:28:54","modified_gmt":"2019-02-01T13:28:54","slug":"san-nicolas-una-camioneta-impacto-contra-un-local-comercial","status":"publish","type":"post","link":"https:\/\/eldiariodesanpedro.com.ar\/sitio\/san-nicolas-una-camioneta-impacto-contra-un-local-comercial\/","title":{"rendered":"SAN NICOL\u00c1S: Una camioneta impact\u00f3 contra un local comercial"},"content":{"rendered":"<!-- VideographyWP Plugin Message: Automatic video embedding prevented by plugin options. -->\n\n<p> El hecho ocurri\u00f3 este jueves en Av. Moreno 591, casi esquina Ruiz Moreno. El conductor de una camioneta, perdi\u00f3 el control e impact\u00f3 contra un local comercial dedicado a la venta de pizzas.<\/p>\n\n\n\n<p>El joven de 26 a\u00f1os que iba a bordo del veh\u00edculo fue trasladado al Hospital San Felipe donde se determin\u00f3 que sus lesiones fueron de car\u00e1cter leves, pero permanecer\u00e1 en observaci\u00f3n algunas horas.<br><br>Afortunadamente no hab\u00eda gente dentro del local al momento del siniestro.<\/p>\n\n\n\n<p>Fuente: <a href=\"http:\/\/www.diarioelinformante.com.ar\/\">Diario El Informante<\/a><\/p>\n","protected":false},"excerpt":{"rendered":"<p>El hecho ocurri\u00f3 este jueves en Av. Moreno 591, casi esquina Ruiz Moreno. El conductor de una camioneta, perdi\u00f3 el control e impact\u00f3 contra un local comercial dedicado a la venta de pizzas. El joven de 26 a\u00f1os que iba a bordo del veh\u00edculo fue trasladado al Hospital San Felipe donde se determin\u00f3 que sus [&hellip;]<\/p>\n","protected":false},"author":4,"featured_media":46874,"comment_status":"open","ping_status":"closed","sticky":false,"template":"","format":"standard","meta":{"om_disable_all_campaigns":false,"_jetpack_memberships_contains_paid_content":false,"footnotes":""},"categories":[621],"tags":[],"class_list":["post-46873","post","type-post","status-publish","format-standard","has-post-thumbnail","hentry","category-regionales"],"aioseo_notices":[],"gutentor_comment":0,"jetpack_featured_media_url":"https:\/\/eldiariodesanpedro.com.ar\/sitio\/wp-content\/uploads\/2019\/02\/no_agas1upq79tfj9bbaro.jpg","jetpack_shortlink":"https:\/\/wp.me\/p6RhLt-cc1","jetpack_sharing_enabled":true,"_links":{"self":[{"href":"https:\/\/eldiariodesanpedro.com.ar\/sitio\/wp-json\/wp\/v2\/posts\/46873","targetHints":{"allow":["GET"]}}],"collection":[{"href":"https:\/\/eldiariodesanpedro.com.ar\/sitio\/wp-json\/wp\/v2\/posts"}],"about":[{"href":"https:\/\/eldiariodesanpedro.com.ar\/sitio\/wp-json\/wp\/v2\/types\/post"}],"author":[{"embeddable":true,"href":"https:\/\/eldiariodesanpedro.com.ar\/sitio\/wp-json\/wp\/v2\/users\/4"}],"replies":[{"embeddable":true,"href":"https:\/\/eldiariodesanpedro.com.ar\/sitio\/wp-json\/wp\/v2\/comments?post=46873"}],"version-history":[{"count":1,"href":"https:\/\/eldiariodesanpedro.com.ar\/sitio\/wp-json\/wp\/v2\/posts\/46873\/revisions"}],"predecessor-version":[{"id":46875,"href":"https:\/\/eldiariodesanpedro.com.ar\/sitio\/wp-json\/wp\/v2\/posts\/46873\/revisions\/46875"}],"wp:featuredmedia":[{"embeddable":true,"href":"https:\/\/eldiariodesanpedro.com.ar\/sitio\/wp-json\/wp\/v2\/media\/46874"}],"wp:attachment":[{"href":"https:\/\/eldiariodesanpedro.com.ar\/sitio\/wp-json\/wp\/v2\/media?parent=46873"}],"wp:term":[{"taxonomy":"category","embeddable":true,"href":"https:\/\/eldiariodesanpedro.com.ar\/sitio\/wp-json\/wp\/v2\/categories?post=46873"},{"taxonomy":"post_tag","embeddable":true,"href":"https:\/\/eldiariodesanpedro.com.ar\/sitio\/wp-json\/wp\/v2\/tags?post=46873"}],"curies":[{"name":"wp","href":"https:\/\/api.w.org\/{rel}","templated":true}]}}