{"id":46870,"date":"2019-02-01T10:26:52","date_gmt":"2019-02-01T13:26:52","guid":{"rendered":"https:\/\/eldiariodesanpedro.com.ar\/sitio\/?p=46870"},"modified":"2019-02-01T10:27:04","modified_gmt":"2019-02-01T13:27:04","slug":"san-andres-de-giles-los-padres-pagaran-los-desmanes-de-sus-hijos","status":"publish","type":"post","link":"https:\/\/eldiariodesanpedro.com.ar\/sitio\/san-andres-de-giles-los-padres-pagaran-los-desmanes-de-sus-hijos\/","title":{"rendered":"SAN ANDR\u00c9S DE GILES: los padres pagar\u00e1n los desmanes de sus hijos"},"content":{"rendered":"<!-- VideographyWP Plugin Message: Automatic video embedding prevented by plugin options. -->\n\n<p>La situaci\u00f3n desatada a partir de hechos de violencia protagonizados por menores de edad, encendieron las alarmas de las autoridades estatales, judiciales y de seguridad de la localidad de San Andres de Giles<\/p>\n\n\n\n<p>Grescas, insultos y piedras contra la polic\u00eda fueron el marco que pinto las \u00faltimas semanas la situaci\u00f3n social en la mencionada ciudad,&nbsp;menores deambulando por las calles y plazas a la madrugada es una postal com\u00fan&nbsp;de ver hoy en d\u00eda y esto ha tra\u00eddo aparejado muchos problemas sociales.<\/p>\n\n\n\n<p>A ra\u00edz de estos acontecimientos, las autoridades realizaron una reuni\u00f3n el pasado viernes donde un grupo de representantes del sector del estado municipal se reunieron en el palacio municipal para tratar este tema. De la misma participaron el Intendente Municipal Carlos Puglielli, la Fiscal de menores Yanina Coliccio, el Ayudante de Fiscal Diego Ferretti, la titular del Servicio Local Viviana Viviana Barsotti y el subcomisario Cristhian Ravazzano.<\/p>\n\n\n\n<p>El resultado de la reuni\u00f3n fue&nbsp;acordar junto a la Fiscal de Menores, un protocolo de actuaci\u00f3n y por parte de la justicia, el compromiso de la&nbsp;intimar a los padres de los menores imputados para que se hagan cargo del costo econ\u00f3mico de los destrozos&nbsp;producidos por sus hijos. Quiz\u00e1s sea esto el comienzo de la soluci\u00f3n, si es que la determinaci\u00f3n de los actores del estado se mantiene firme, sino ser\u00e1 un intento m\u00e1s de un problema que hasta hoy no tiene soluci\u00f3n.<\/p>\n\n\n\n<p>Fuente: <a href=\"http:\/\/www.noticiasgilenses.com.ar\/\">Noticias Gilenses<\/a><\/p>\n","protected":false},"excerpt":{"rendered":"<p>La situaci\u00f3n desatada a partir de hechos de violencia protagonizados por menores de edad, encendieron las alarmas de las autoridades estatales, judiciales y de seguridad de la localidad de San Andres de Giles Grescas, insultos y piedras contra la polic\u00eda fueron el marco que pinto las \u00faltimas semanas la situaci\u00f3n social en la mencionada ciudad,&nbsp;menores [&hellip;]<\/p>\n","protected":false},"author":4,"featured_media":46871,"comment_status":"open","ping_status":"closed","sticky":false,"template":"","format":"standard","meta":{"om_disable_all_campaigns":false,"_jetpack_memberships_contains_paid_content":false,"footnotes":""},"categories":[621],"tags":[],"class_list":["post-46870","post","type-post","status-publish","format-standard","has-post-thumbnail","hentry","category-regionales"],"aioseo_notices":[],"gutentor_comment":0,"jetpack_featured_media_url":"https:\/\/eldiariodesanpedro.com.ar\/sitio\/wp-content\/uploads\/2019\/02\/menores-alcoholizados.jpg","jetpack_shortlink":"https:\/\/wp.me\/p6RhLt-cbY","jetpack_sharing_enabled":true,"_links":{"self":[{"href":"https:\/\/eldiariodesanpedro.com.ar\/sitio\/wp-json\/wp\/v2\/posts\/46870","targetHints":{"allow":["GET"]}}],"collection":[{"href":"https:\/\/eldiariodesanpedro.com.ar\/sitio\/wp-json\/wp\/v2\/posts"}],"about":[{"href":"https:\/\/eldiariodesanpedro.com.ar\/sitio\/wp-json\/wp\/v2\/types\/post"}],"author":[{"embeddable":true,"href":"https:\/\/eldiariodesanpedro.com.ar\/sitio\/wp-json\/wp\/v2\/users\/4"}],"replies":[{"embeddable":true,"href":"https:\/\/eldiariodesanpedro.com.ar\/sitio\/wp-json\/wp\/v2\/comments?post=46870"}],"version-history":[{"count":1,"href":"https:\/\/eldiariodesanpedro.com.ar\/sitio\/wp-json\/wp\/v2\/posts\/46870\/revisions"}],"predecessor-version":[{"id":46872,"href":"https:\/\/eldiariodesanpedro.com.ar\/sitio\/wp-json\/wp\/v2\/posts\/46870\/revisions\/46872"}],"wp:featuredmedia":[{"embeddable":true,"href":"https:\/\/eldiariodesanpedro.com.ar\/sitio\/wp-json\/wp\/v2\/media\/46871"}],"wp:attachment":[{"href":"https:\/\/eldiariodesanpedro.com.ar\/sitio\/wp-json\/wp\/v2\/media?parent=46870"}],"wp:term":[{"taxonomy":"category","embeddable":true,"href":"https:\/\/eldiariodesanpedro.com.ar\/sitio\/wp-json\/wp\/v2\/categories?post=46870"},{"taxonomy":"post_tag","embeddable":true,"href":"https:\/\/eldiariodesanpedro.com.ar\/sitio\/wp-json\/wp\/v2\/tags?post=46870"}],"curies":[{"name":"wp","href":"https:\/\/api.w.org\/{rel}","templated":true}]}}