{"id":46865,"date":"2019-02-01T10:12:09","date_gmt":"2019-02-01T13:12:09","guid":{"rendered":"https:\/\/eldiariodesanpedro.com.ar\/sitio\/?p=46865"},"modified":"2019-02-01T10:12:12","modified_gmt":"2019-02-01T13:12:12","slug":"pesar-por-el-fallecimiento-jorge-bischof","status":"publish","type":"post","link":"https:\/\/eldiariodesanpedro.com.ar\/sitio\/pesar-por-el-fallecimiento-jorge-bischof\/","title":{"rendered":"Pesar por el fallecimiento Jorge Bischof"},"content":{"rendered":"<!-- VideographyWP Plugin Message: Automatic video embedding prevented by plugin options. -->\n\n<p>Los integrantes de la comisi\u00f3n Directiva de la Biblioteca Popular Rafael Obligado comunican la triste noticia, del fallecimiento de Jorge Bischof,&nbsp;&nbsp;tesorero de la Instituci\u00f3n, quien durante muchos a\u00f1os ejerci\u00f3 ad honorem ese cargo.<\/p>\n\n\n\n<p>No solamente ha muerto el eficiente tesorero de la Biblioteca, ha muerto un amigo, un hombre de bien, un padre ejemplar, un esposo extraordinario, un colaborador&nbsp;&nbsp;inestimable de esta entidad de bien p\u00fablico ,una persona honesta y agradable, que supo granjearse el afecto de todos los que lo conocieron.<\/p>\n\n\n\n<p>Cuando&nbsp;&nbsp;Borges dice en un fragmento de un&nbsp;&nbsp;poema: \u201cLa vida es corta, aunque las horas son tan largas, una oscura maravilla nos acecha. La muerte, esa&nbsp;&nbsp;otra mar, esa otra&nbsp;&nbsp;flecha, que nos libra del sol, y de la luna y del amor\u201d,&nbsp;&nbsp;quiz\u00e1s Jorge este en esa obscura maravilla, pero los amigos y los familiares, quisi\u00e9ramos que estuviera con nosotros, con&nbsp;&nbsp;su clara presencia.<\/p>\n\n\n\n<p>Jorge Bischof,&nbsp;&nbsp;quedar\u00e1 en nuestro recuerdo con su ausencia, irreemplazable.<\/p>\n","protected":false},"excerpt":{"rendered":"<p>Los integrantes de la comisi\u00f3n Directiva de la Biblioteca Popular Rafael Obligado comunican la triste noticia, del fallecimiento de Jorge Bischof,&nbsp;&nbsp;tesorero de la Instituci\u00f3n, quien durante muchos a\u00f1os ejerci\u00f3 ad honorem ese cargo. No solamente ha muerto el eficiente tesorero de la Biblioteca, ha muerto un amigo, un hombre de bien, un padre ejemplar, un [&hellip;]<\/p>\n","protected":false},"author":4,"featured_media":10256,"comment_status":"open","ping_status":"closed","sticky":false,"template":"","format":"standard","meta":{"om_disable_all_campaigns":false,"_jetpack_memberships_contains_paid_content":false,"footnotes":""},"categories":[101,2],"tags":[],"class_list":["post-46865","post","type-post","status-publish","format-standard","has-post-thumbnail","hentry","category-interes-general-locales","category-locales"],"aioseo_notices":[],"gutentor_comment":0,"jetpack_featured_media_url":"https:\/\/eldiariodesanpedro.com.ar\/sitio\/wp-content\/uploads\/2016\/11\/Biblioteca-Popular-Rafael-Obligado.jpg","jetpack_shortlink":"https:\/\/wp.me\/p6RhLt-cbT","jetpack_sharing_enabled":true,"_links":{"self":[{"href":"https:\/\/eldiariodesanpedro.com.ar\/sitio\/wp-json\/wp\/v2\/posts\/46865","targetHints":{"allow":["GET"]}}],"collection":[{"href":"https:\/\/eldiariodesanpedro.com.ar\/sitio\/wp-json\/wp\/v2\/posts"}],"about":[{"href":"https:\/\/eldiariodesanpedro.com.ar\/sitio\/wp-json\/wp\/v2\/types\/post"}],"author":[{"embeddable":true,"href":"https:\/\/eldiariodesanpedro.com.ar\/sitio\/wp-json\/wp\/v2\/users\/4"}],"replies":[{"embeddable":true,"href":"https:\/\/eldiariodesanpedro.com.ar\/sitio\/wp-json\/wp\/v2\/comments?post=46865"}],"version-history":[{"count":1,"href":"https:\/\/eldiariodesanpedro.com.ar\/sitio\/wp-json\/wp\/v2\/posts\/46865\/revisions"}],"predecessor-version":[{"id":46866,"href":"https:\/\/eldiariodesanpedro.com.ar\/sitio\/wp-json\/wp\/v2\/posts\/46865\/revisions\/46866"}],"wp:featuredmedia":[{"embeddable":true,"href":"https:\/\/eldiariodesanpedro.com.ar\/sitio\/wp-json\/wp\/v2\/media\/10256"}],"wp:attachment":[{"href":"https:\/\/eldiariodesanpedro.com.ar\/sitio\/wp-json\/wp\/v2\/media?parent=46865"}],"wp:term":[{"taxonomy":"category","embeddable":true,"href":"https:\/\/eldiariodesanpedro.com.ar\/sitio\/wp-json\/wp\/v2\/categories?post=46865"},{"taxonomy":"post_tag","embeddable":true,"href":"https:\/\/eldiariodesanpedro.com.ar\/sitio\/wp-json\/wp\/v2\/tags?post=46865"}],"curies":[{"name":"wp","href":"https:\/\/api.w.org\/{rel}","templated":true}]}}