{"id":46859,"date":"2019-02-01T10:07:07","date_gmt":"2019-02-01T13:07:07","guid":{"rendered":"https:\/\/eldiariodesanpedro.com.ar\/sitio\/?p=46859"},"modified":"2019-02-01T13:25:30","modified_gmt":"2019-02-01T16:25:30","slug":"un-ano-del-femicidio-de-natalia-duarte","status":"publish","type":"post","link":"https:\/\/eldiariodesanpedro.com.ar\/sitio\/un-ano-del-femicidio-de-natalia-duarte\/","title":{"rendered":"Un a\u00f1o del femicidio de Natalia Duarte"},"content":{"rendered":"<!-- VideographyWP Plugin Message: Automatic video embedding prevented by plugin options. -->\n\n<p>El terrible hecho ocurri\u00f3 la noche de un jueves, cuando Natalia se dirig\u00eda hacia el ba\u00f1o de su casa y su ex le disparo 7 veces por la espalada. Minutos despu\u00e9s el asesino se quito la vida.<\/p>\n\n\n\n<p>Este 2019, solo en el mes de enero,  fueron 26 casos de&nbsp;femicidios los comprobados por la Justicia Argentina. Ocurrieron en R\u00edo Negro, C\u00f3rdoba, Santiago del Estero, San Juan, Chaco, Corrientes, la provincia de Buenos Aires y otras zonas del pa\u00eds.&nbsp; <\/p>\n\n\n\n<p>El 2018 cerr\u00f3 con cifras impactantes. Seg\u00fan inform\u00f3 la organizaci\u00f3n feminista&nbsp;MuMaL\u00e1&nbsp;(Mujeres de la Matria Latinoamericana), ocurrieron&nbsp;<strong>259 femicidios<\/strong>. Es decir, mataron a una mujer cada 34 horas. <\/p>\n\n\n\n<p>Este 1 de febrero, en nuestra ciudad, recordamos a Natalia Duarte, victima de amenazas de muerte y golpes de donde nunca pudo escapar; denuncias sin sentido quienes tampoco supieron protegerla.<\/p>\n\n\n\n<p>Sucedi\u00f3 en su propia casa, ubicada en calle Ayacucho entre Sargento Selada y Javier Rivero, tenia 43 a\u00f1os y amaba su profesi\u00f3n como enfermera.<\/p>\n\n\n\n<p>Muchas veces hab\u00eda pedido ayuda, su ex era una persona violenta, unos d\u00edas antes de su muerte Natalia realizo una denuncia en la comisaria de la mujer, Natalia tenia miedo.<\/p>\n\n\n\n<p>Walter Brizuela de 45 a\u00f1os, la espero escondido en su domicilio y cuando llego de trabajar la mato a balazos, luego el se quito la vida, sobre su cuerpo, de un balazo en la cabeza.<\/p>\n\n\n\n<p>La Dr Ramos de la Fiscalia N\u00ba11 es quien intervino en la causa en la que, con el femicida muerto, no hubo avances y quedo cerrada.<\/p>\n\n\n\n<p><\/p>\n\n\n\n<figure class=\"wp-block-image\"><a href=\"https:\/\/eldiariodesanpedro.com.ar\/sitio\/\" target=\"_blank\" rel=\"noreferrer noopener\"><img decoding=\"async\" data-src=\"https:\/\/i2.wp.com\/eldiariodesanpedro.com.ar\/sitio\/wp-content\/uploads\/gravatar\/10348757_10201060411510761_2712847653763900569_o.jpg?w=80\" alt=\"Fernando\" src=\"data:image\/svg+xml;base64,PHN2ZyB3aWR0aD0iMSIgaGVpZ2h0PSIxIiB4bWxucz0iaHR0cDovL3d3dy53My5vcmcvMjAwMC9zdmciPjwvc3ZnPg==\" class=\"lazyload\" \/><\/a><\/figure>\n\n\n\n<p>Siguenos:<\/p>\n\n\n\n<h3 class=\"wp-block-heading\"><a href=\"https:\/\/eldiariodesanpedro.com.ar\/sitio\/\" target=\"_blank\" rel=\"noreferrer noopener\">Fernando<\/a><\/h3>\n\n\n\n<p>Editor&nbsp;at&nbsp;<a href=\"https:\/\/eldiariodesanpedro.com.ar\/sitio\/\" target=\"_blank\" rel=\"noreferrer noopener\">El Diario de San Pedro<\/a>Editor de la versi\u00f3n Digital del Diario de San Pedro<br>Dise\u00f1ador Gr\u00e1fico<\/p>\n\n\n\n<h3 class=\"wp-block-heading\">Comparte esto:<\/h3>\n\n\n\n<ul class=\"wp-block-list\"><li><a rel=\"noreferrer noopener\" href=\"https:\/\/api.whatsapp.com\/send?text=Un%20hombre%20mat%C3%B3%20a%20su%20ex%20pareja%20y%20luego%20se%20quito%20la%20vida%20http%3A%2F%2Feldiariodesanpedro.com.ar%2Fsitio%2F28754-2%2F\" target=\"_blank\">Haz clic para compartir en WhatsApp (Se abre en una ventana nueva)<\/a><\/li><li><a rel=\"noreferrer noopener\" href=\"https:\/\/eldiariodesanpedro.com.ar\/sitio\/28754-2\/?share=facebook&amp;nb=1\" target=\"_blank\">123Haz clic para compartir en Facebook (Se abre en una ventana nueva)123<\/a><\/li><li><a rel=\"noreferrer noopener\" href=\"https:\/\/eldiariodesanpedro.com.ar\/sitio\/28754-2\/?share=twitter&amp;nb=1\" target=\"_blank\">Haz clic para compartir en Twitter (Se abre en una ventana nueva)<\/a><\/li><li><a rel=\"noreferrer noopener\" href=\"https:\/\/eldiariodesanpedro.com.ar\/sitio\/28754-2\/?share=google-plus-1&amp;nb=1\" target=\"_blank\">Haz clic para compartir en Google+ (Se abre en una ventana nueva)<\/a><\/li><li><a rel=\"noreferrer noopener\" href=\"https:\/\/eldiariodesanpedro.com.ar\/sitio\/28754-2\/#print\" target=\"_blank\">Haz clic para imprimir (Se abre en una ventana nueva)<\/a><\/li><li><a href=\"https:\/\/eldiariodesanpedro.com.ar\/sitio\/28754-2\/#\">M\u00e1s<\/a><\/li><\/ul>\n\n\n\n<h3 class=\"wp-block-heading\">Me gusta:<\/h3>\n\n\n\n<figure><iframe data-src=\"https:\/\/widgets.wp.com\/likes\/#blog_id=101357691&amp;post_id=28754&amp;origin=eldiariodesanpedro.com.ar&amp;obj_id=101357691-28754-5c543f4bee9b9\" height=\"55px\" width=\"100%\" src=\"data:image\/svg+xml;base64,PHN2ZyB3aWR0aD0iMSIgaGVpZ2h0PSIxIiB4bWxucz0iaHR0cDovL3d3dy53My5vcmcvMjAwMC9zdmciPjwvc3ZnPg==\" class=\"lazyload\" data-load-mode=\"1\"><\/iframe><\/figure>\n\n\n\n<ul class=\"wp-block-list\"><li><a href=\"https:\/\/eldiariodesanpedro.com.ar\/sitio\/a-una-semana-del-asesinato-del-oficial-nelson-lillo-marcha-en-pedido-de-justicia\/\">\u2190&nbsp;A una semana del asesinato del oficial Nelson Lillo, marcha en pedido de justicia<\/a><\/li><li><a href=\"https:\/\/eldiariodesanpedro.com.ar\/sitio\/en-zona-rural-se-detuvo-a-dos-jovenes-que-llevaban-cosas-robadas\/\">En zona rural se detuvo a dos j\u00f3venes que llevaban cosas robadas&nbsp;\u2192<\/a><\/li><\/ul>\n\n\n\n<h4 class=\"wp-block-heading\">Tambi\u00e9n te puede gustar<\/h4>\n\n\n\n<figure class=\"wp-block-image\"><a href=\"https:\/\/eldiariodesanpedro.com.ar\/sitio\/delincuentes-sustrajeron-varios-elementos-de-valor-de-una-vivienda\/\"><img decoding=\"async\" data-src=\"https:\/\/i1.wp.com\/eldiariodesanpedro.com.ar\/sitio\/wp-content\/uploads\/2018\/05\/patrullero-nuevo_3.jpg?resize=390%2C205\" alt=\"\" src=\"data:image\/svg+xml;base64,PHN2ZyB3aWR0aD0iMSIgaGVpZ2h0PSIxIiB4bWxucz0iaHR0cDovL3d3dy53My5vcmcvMjAwMC9zdmciPjwvc3ZnPg==\" class=\"lazyload\" \/><\/a><\/figure>\n\n\n\n<h3 class=\"wp-block-heading\"><a href=\"https:\/\/eldiariodesanpedro.com.ar\/sitio\/delincuentes-sustrajeron-varios-elementos-de-valor-de-una-vivienda\/\">Delincuentes sustrajeron varios elementos de valor de una vivienda<\/a><\/h3>\n\n\n\n<p><a href=\"https:\/\/eldiariodesanpedro.com.ar\/sitio\/delincuentes-sustrajeron-varios-elementos-de-valor-de-una-vivienda\/\">&nbsp;28 enero, 2019<\/a><a href=\"https:\/\/eldiariodesanpedro.com.ar\/sitio\/delincuentes-sustrajeron-varios-elementos-de-valor-de-una-vivienda\/#respond\">0<\/a><\/p>\n\n\n\n<figure class=\"wp-block-image\"><a href=\"https:\/\/eldiariodesanpedro.com.ar\/sitio\/vacunacion-antirrabica-desde-hoy\/\"><img decoding=\"async\" data-src=\"https:\/\/i0.wp.com\/eldiariodesanpedro.com.ar\/sitio\/wp-content\/uploads\/2017\/08\/vacunas-perritos.jpg?resize=390%2C205\" alt=\"\" src=\"data:image\/svg+xml;base64,PHN2ZyB3aWR0aD0iMSIgaGVpZ2h0PSIxIiB4bWxucz0iaHR0cDovL3d3dy53My5vcmcvMjAwMC9zdmciPjwvc3ZnPg==\" class=\"lazyload\" \/><\/a><\/figure>\n\n\n\n<h3 class=\"wp-block-heading\"><a href=\"https:\/\/eldiariodesanpedro.com.ar\/sitio\/vacunacion-antirrabica-desde-hoy\/\">Vacunaci\u00f3n Antirr\u00e1bica desde hoy<\/a><\/h3>\n\n\n\n<p><a href=\"https:\/\/eldiariodesanpedro.com.ar\/sitio\/vacunacion-antirrabica-desde-hoy\/\">&nbsp;8 agosto, 2017<\/a><a href=\"https:\/\/eldiariodesanpedro.com.ar\/sitio\/vacunacion-antirrabica-desde-hoy\/#respond\">0<\/a><\/p>\n\n\n\n<figure class=\"wp-block-image\"><a href=\"https:\/\/eldiariodesanpedro.com.ar\/sitio\/leon-domenicone-ganador-del-concurso-buscando-al-toxodonte\/\"><img decoding=\"async\" data-src=\"https:\/\/i0.wp.com\/eldiariodesanpedro.com.ar\/sitio\/wp-content\/uploads\/2017\/12\/El-peque%C3%B1o-ganador-del-concurso.jpg?resize=390%2C205\" alt=\"\" src=\"data:image\/svg+xml;base64,PHN2ZyB3aWR0aD0iMSIgaGVpZ2h0PSIxIiB4bWxucz0iaHR0cDovL3d3dy53My5vcmcvMjAwMC9zdmciPjwvc3ZnPg==\" class=\"lazyload\" \/><\/a><\/figure>\n\n\n\n<h3 class=\"wp-block-heading\"><a href=\"https:\/\/eldiariodesanpedro.com.ar\/sitio\/leon-domenicone-ganador-del-concurso-buscando-al-toxodonte\/\">Le\u00f3n Domenicone, Ganador del concurso \u201cBuscando al Toxodonte\u201d<\/a><\/h3>\n\n\n\n<p><a href=\"https:\/\/eldiariodesanpedro.com.ar\/sitio\/leon-domenicone-ganador-del-concurso-buscando-al-toxodonte\/\">&nbsp;17 diciembre, 2017<\/a><a href=\"https:\/\/eldiariodesanpedro.com.ar\/sitio\/leon-domenicone-ganador-del-concurso-buscando-al-toxodonte\/#respond\">0<\/a><\/p>\n\n\n\n<h3 class=\"wp-block-heading\" id=\"reply-title\">Deja un comentario<\/h3>\n\n\n\n<figure><iframe data-src=\"http:\/\/jetpack.wordpress.com\/jetpack-comment\/?blogid=101357691&amp;postid=28754&amp;comment_registration=0&amp;require_name_email=0&amp;stc_enabled=1&amp;stb_enabled=1&amp;show_avatars=0&amp;avatar_default=mystery&amp;greeting=Deja+un+comentario&amp;greeting_reply=Responder+a+%25s&amp;color_scheme=light&amp;lang=es_ES&amp;jetpack_version=6.9&amp;hc_post_as=jetpack&amp;hc_userid=4&amp;hc_username=Fernando&amp;hc_userurl=http%3A%2F%2Feldiariodesanpedro.com.ar%2Fsitio%2F&amp;hc_useremail=f1a21608150ca7a346e7e88322661684&amp;_wp_unfiltered_html_comment=0cb6ccb4a9&amp;sig=686a8eec486e076440cf965fb1d1fe5e5abf7077#parent=http%3A%2F%2Feldiariodesanpedro.com.ar%2Fsitio%2F28754-2%2F\" src=\"data:image\/svg+xml;base64,PHN2ZyB3aWR0aD0iMSIgaGVpZ2h0PSIxIiB4bWxucz0iaHR0cDovL3d3dy53My5vcmcvMjAwMC9zdmciPjwvc3ZnPg==\" class=\"lazyload\" data-load-mode=\"1\"><\/iframe><\/figure>\n\n\n\n<h3 class=\"wp-block-heading\">Edictos Judiciales<\/h3>\n\n\n\n<figure class=\"wp-block-image\"><img decoding=\"async\" width=\"701\" height=\"346\" data-attachment-id=\"45589\" data-permalink=\"https:\/\/eldiariodesanpedro.com.ar\/sitio\/poder-judicial-buenos-aires\/\" data-orig-file=\"https:\/\/eldiariodesanpedro.com.ar\/sitio\/wp-content\/uploads\/2019\/01\/Poder-Judicial-Buenos-Aires.jpg\" data-orig-size=\"701,346\" data-comments-opened=\"1\" data-image-meta=\"{&quot;aperture&quot;:&quot;0&quot;,&quot;credit&quot;:&quot;&quot;,&quot;camera&quot;:&quot;&quot;,&quot;caption&quot;:&quot;&quot;,&quot;created_timestamp&quot;:&quot;0&quot;,&quot;copyright&quot;:&quot;&quot;,&quot;focal_length&quot;:&quot;0&quot;,&quot;iso&quot;:&quot;0&quot;,&quot;shutter_speed&quot;:&quot;0&quot;,&quot;title&quot;:&quot;&quot;,&quot;orientation&quot;:&quot;0&quot;}\" data-image-title=\"Poder-Judicial-Buenos-Aires edictos convocatorias\" data-image-description=\"\" data-image-caption=\"\" data-large-file=\"https:\/\/eldiariodesanpedro.com.ar\/sitio\/wp-content\/uploads\/2019\/01\/Poder-Judicial-Buenos-Aires.jpg\" data-src=\"https:\/\/i0.wp.com\/eldiariodesanpedro.com.ar\/sitio\/wp-content\/uploads\/2019\/01\/Poder-Judicial-Buenos-Aires.jpg?resize=237%2C117\" alt=\"\" class=\"wp-image-45589 lazyload\" data-srcset=\"https:\/\/eldiariodesanpedro.com.ar\/sitio\/wp-content\/uploads\/2019\/01\/Poder-Judicial-Buenos-Aires.jpg 701w, https:\/\/eldiariodesanpedro.com.ar\/sitio\/wp-content\/uploads\/2019\/01\/Poder-Judicial-Buenos-Aires-300x148.jpg 300w\" data-sizes=\"(max-width: 701px) 100vw, 701px\" src=\"data:image\/svg+xml;base64,PHN2ZyB3aWR0aD0iMSIgaGVpZ2h0PSIxIiB4bWxucz0iaHR0cDovL3d3dy53My5vcmcvMjAwMC9zdmciPjwvc3ZnPg==\" style=\"--smush-placeholder-width: 701px; --smush-placeholder-aspect-ratio: 701\/346;\" \/><\/figure>\n\n\n\n<h3 class=\"wp-block-heading\">VIDEOS DE FACEBOOK<\/h3>\n\n\n\n<p>CONFERENCIA DE PRENSA FESTIVAL FAMILIAR EN EL ESTADIO<\/p>\n\n\n\n<figure><iframe data-src=\"https:\/\/www.facebook.com\/plugins\/video.php?href=https%3A%2F%2Fwww.facebook.com%2Feldiario.desanpedro%2Fvideos%2F391420338275289%2F&amp;show_text=0&amp;width=560\" allowfullscreen=\"true\" src=\"data:image\/svg+xml;base64,PHN2ZyB3aWR0aD0iMSIgaGVpZ2h0PSIxIiB4bWxucz0iaHR0cDovL3d3dy53My5vcmcvMjAwMC9zdmciPjwvc3ZnPg==\" class=\"lazyload\" data-load-mode=\"1\"><\/iframe><\/figure>\n\n\n\n<p>CONFERENCIA DE PRENSA POR HANTAVIRUS&nbsp;<\/p>\n","protected":false},"excerpt":{"rendered":"<p>El terrible hecho ocurri\u00f3 la noche de un jueves, cuando Natalia se dirig\u00eda hacia el ba\u00f1o de su casa y su ex le disparo 7 veces por la espalada. Minutos despu\u00e9s el asesino se quito la vida. Este 2019, solo en el mes de enero, fueron 26 casos de&nbsp;femicidios los comprobados por la Justicia Argentina. [&hellip;]<\/p>\n","protected":false},"author":4,"featured_media":46867,"comment_status":"open","ping_status":"closed","sticky":false,"template":"","format":"standard","meta":{"om_disable_all_campaigns":false,"_jetpack_memberships_contains_paid_content":false,"footnotes":""},"categories":[50,101,2],"tags":[],"class_list":["post-46859","post","type-post","status-publish","format-standard","has-post-thumbnail","hentry","category-destacadas","category-interes-general-locales","category-locales"],"aioseo_notices":[],"gutentor_comment":0,"jetpack_featured_media_url":"https:\/\/eldiariodesanpedro.com.ar\/sitio\/wp-content\/uploads\/2019\/02\/27336605_1388043901318484_2571098008519274434_n-1.jpg","jetpack_shortlink":"https:\/\/wp.me\/p6RhLt-cbN","jetpack_sharing_enabled":true,"_links":{"self":[{"href":"https:\/\/eldiariodesanpedro.com.ar\/sitio\/wp-json\/wp\/v2\/posts\/46859","targetHints":{"allow":["GET"]}}],"collection":[{"href":"https:\/\/eldiariodesanpedro.com.ar\/sitio\/wp-json\/wp\/v2\/posts"}],"about":[{"href":"https:\/\/eldiariodesanpedro.com.ar\/sitio\/wp-json\/wp\/v2\/types\/post"}],"author":[{"embeddable":true,"href":"https:\/\/eldiariodesanpedro.com.ar\/sitio\/wp-json\/wp\/v2\/users\/4"}],"replies":[{"embeddable":true,"href":"https:\/\/eldiariodesanpedro.com.ar\/sitio\/wp-json\/wp\/v2\/comments?post=46859"}],"version-history":[{"count":3,"href":"https:\/\/eldiariodesanpedro.com.ar\/sitio\/wp-json\/wp\/v2\/posts\/46859\/revisions"}],"predecessor-version":[{"id":46897,"href":"https:\/\/eldiariodesanpedro.com.ar\/sitio\/wp-json\/wp\/v2\/posts\/46859\/revisions\/46897"}],"wp:featuredmedia":[{"embeddable":true,"href":"https:\/\/eldiariodesanpedro.com.ar\/sitio\/wp-json\/wp\/v2\/media\/46867"}],"wp:attachment":[{"href":"https:\/\/eldiariodesanpedro.com.ar\/sitio\/wp-json\/wp\/v2\/media?parent=46859"}],"wp:term":[{"taxonomy":"category","embeddable":true,"href":"https:\/\/eldiariodesanpedro.com.ar\/sitio\/wp-json\/wp\/v2\/categories?post=46859"},{"taxonomy":"post_tag","embeddable":true,"href":"https:\/\/eldiariodesanpedro.com.ar\/sitio\/wp-json\/wp\/v2\/tags?post=46859"}],"curies":[{"name":"wp","href":"https:\/\/api.w.org\/{rel}","templated":true}]}}