{"id":46855,"date":"2019-02-01T09:35:18","date_gmt":"2019-02-01T12:35:18","guid":{"rendered":"https:\/\/eldiariodesanpedro.com.ar\/sitio\/?p=46855"},"modified":"2019-02-01T09:35:27","modified_gmt":"2019-02-01T12:35:27","slug":"marcha-contra-el-tarifazo-nadie-de-nosotros-rompio-nada-fue-uno-de-afuera","status":"publish","type":"post","link":"https:\/\/eldiariodesanpedro.com.ar\/sitio\/marcha-contra-el-tarifazo-nadie-de-nosotros-rompio-nada-fue-uno-de-afuera\/","title":{"rendered":"Marcha contra el tarifazo: \u00abNadie de nosotros rompi\u00f3 nada, fue uno de afuera\u00bb"},"content":{"rendered":"<!-- VideographyWP Plugin Message: Automatic video embedding prevented by plugin options. -->\n\n<p>Una vez mas,  por cuarta vez consecutiva se dio lugar a una nueva marcha en nuestra ciudad contra los aumentos del Gobierno de Macri.<\/p>\n\n\n\n<p> La movilizaci\u00f3n programada se concentro en la Peatonal, alrededor de las 20:30 de este jueves, para luego marchar hasta la Municipalidad.<\/p>\n\n\n\n<p>Cuando todo iba  de modo pacifico, al llegar al HCD y colocar carteles en la puerta como un modo de repudiar el incremento de los cuadros tarifarios de gas, agua y electricidad, un sujeto arrojo una piedra contra el edificio provocando el da\u00f1o de una de las vidrieras.<\/p>\n\n\n\n<p>Seg\u00fan testigos fue una persona de sexo masculino, que no pertenec\u00eda a la concentraci\u00f3n y que se dio a la fuga corriendo por calle Mitre al cometer el da\u00f1o.<\/p>\n\n\n\n<p>Desde San Pedro Reclama enviaron un comunicado repudiando el hecho, quien Valeria Gonzalez, vocera, aclaro que \u00abnadie de nosotros rompi\u00f3 nada, fue uno de afuera\u00bb.<\/p>\n\n\n\n<p>El comunicado:&nbsp;<\/p>\n\n\n\n<p><em>Los integrantes de San Pedro Reclama repudiamos en\u00e9rgicamente el uso de la violencia en cualquiera de sus formas. Creemos y promovemos la comunicaci\u00f3n y la movilizaci\u00f3n como medio de protesta pac\u00edfica y plural.<br>Consideramos que el da\u00f1o a la propiedad, sea p\u00fablica o privada, es un hecho repudiable, m\u00e1s a\u00fan si tiene como objeto empa\u00f1ar el ejercicio de la libertar de exprexi\u00f3n y el reclamo pac\u00edfico.<br>Durante la marcha de anoche, uno o m\u00e1s inadaptados rompieron un vidrio de la municipalidad, un acto repudiable, pero que desgraciadamente no fue el \u00fanico de la noche: Las fuerzas de seguridad, que deber\u00edan haber estado en el lugar garantizando la seguridad y acompa\u00f1ando la marcha como se hace habitualmente no estaban ah\u00ed, y por segunda vez consecutiva dejaron la zona libre y desprotegida ante la acci\u00f3n de cualquier violento, ya que ning\u00fan efectivo se hizo presente ni durante el recorrido por las calles de nuestra ciudad, ni en la puerta de la municipalidad.<br>Quisi\u00e9ramos poder creer el hecho fue cometido por un usuario, que tal vez equivocado o motivado por la impotencia que conlleva tener que pagar las terribles boletas de luz o el gas, decidi\u00f3 descargarse contra los vidrios del municipio, sin embargo creemos que se trat\u00f3 de una acci\u00f3n deliberada y premeditada, que intent\u00f3 relacionarnos con la violencia de una manera vil y cobarde, que se corresponde con las \u00e9pocas m\u00e1s oscuras de nuestra historia. Al parecer son capaces de cualquier cosa con tal de sembrar la duda sobre la legitimidad del reclamo.\u00a0<br>Esperamos que la justicia act\u00fae de oficio para identificar al, o a los violentos que atacaron los vidrios de la municipalidad, esperamos poder colaborar con su identificaci\u00f3n en los videos que seguramente habr\u00e1n quedado registrados en el centro de monitoreo a trav\u00e9s de las c\u00e1maras de seguridad del municipio y esperamos que est\u00e9n a disposici\u00f3n de la justicia lo m\u00e1s r\u00e1pido posible.<br>A quienes hayan sido testigos o puedan aportar alg\u00fan material o informaci\u00f3n, los invitamos a acercarse a la comisar\u00eda o la fiscal\u00eda para hacerlo.<br>Nos apena mucho este episodio, pero no vamos a dejar que se salgan con la suya, vamos a iniciar una campa\u00f1a de recaudaci\u00f3n de fondos para colaborar con el municipio para que puedan cambiar ese vidrio roto y que los compa\u00f1eros municipales tengan a la brevedad el vidrio sano para poder continuar normalmente con sus actividades.<\/em><\/p>\n\n\n\n<p><\/p>\n\n\n\n<h2 class=\"wp-block-heading\"><\/h2>\n\n\n\n\n\n<p><\/p>\n\n\n\n\n\n<h2 class=\"wp-block-heading\"><\/h2>\n\n\n\n<h2 class=\"wp-block-heading\"><\/h2>\n\n\n\n<p><a href=\"http:\/\/visionregional.com.ar\/secciones\/interes-general\">Inter\u00e9s General<\/a><a href=\"http:\/\/visionregional.com.ar\/secciones\/politica\">Pol\u00edtica<\/a><\/p>\n\n\n\n<h2 class=\"wp-block-heading\"><\/h2>\n\n\n\n<p>&nbsp;Publicado el 01\/02\/2019<a href=\"http:\/\/visionregional.com.ar\/noticia\/cuarto-ruidazo-en-san-pedro-con-buena-participacion-de-vecinosas-1549015939.html\">Cuarto ruidazo en San Pedro, con buena participaci\u00f3n de vecinos\/as<\/a><\/p>\n\n\n\n<p><\/p>\n\n\n\n<p><\/p>\n","protected":false},"excerpt":{"rendered":"<p>Una vez mas, por cuarta vez consecutiva se dio lugar a una nueva marcha en nuestra ciudad contra los aumentos del Gobierno de Macri. La movilizaci\u00f3n programada se concentro en la Peatonal, alrededor de las 20:30 de este jueves, para luego marchar hasta la Municipalidad. Cuando todo iba de modo pacifico, al llegar al HCD [&hellip;]<\/p>\n","protected":false},"author":4,"featured_media":46856,"comment_status":"open","ping_status":"closed","sticky":false,"template":"","format":"standard","meta":{"om_disable_all_campaigns":false,"_jetpack_memberships_contains_paid_content":false,"footnotes":""},"categories":[101,2],"tags":[],"class_list":["post-46855","post","type-post","status-publish","format-standard","has-post-thumbnail","hentry","category-interes-general-locales","category-locales"],"aioseo_notices":[],"gutentor_comment":0,"jetpack_featured_media_url":"https:\/\/eldiariodesanpedro.com.ar\/sitio\/wp-content\/uploads\/2019\/02\/WhatsApp-Image-2019-02-01-at-08.22.19.jpeg","jetpack_shortlink":"https:\/\/wp.me\/p6RhLt-cbJ","jetpack_sharing_enabled":true,"_links":{"self":[{"href":"https:\/\/eldiariodesanpedro.com.ar\/sitio\/wp-json\/wp\/v2\/posts\/46855","targetHints":{"allow":["GET"]}}],"collection":[{"href":"https:\/\/eldiariodesanpedro.com.ar\/sitio\/wp-json\/wp\/v2\/posts"}],"about":[{"href":"https:\/\/eldiariodesanpedro.com.ar\/sitio\/wp-json\/wp\/v2\/types\/post"}],"author":[{"embeddable":true,"href":"https:\/\/eldiariodesanpedro.com.ar\/sitio\/wp-json\/wp\/v2\/users\/4"}],"replies":[{"embeddable":true,"href":"https:\/\/eldiariodesanpedro.com.ar\/sitio\/wp-json\/wp\/v2\/comments?post=46855"}],"version-history":[{"count":1,"href":"https:\/\/eldiariodesanpedro.com.ar\/sitio\/wp-json\/wp\/v2\/posts\/46855\/revisions"}],"predecessor-version":[{"id":46857,"href":"https:\/\/eldiariodesanpedro.com.ar\/sitio\/wp-json\/wp\/v2\/posts\/46855\/revisions\/46857"}],"wp:featuredmedia":[{"embeddable":true,"href":"https:\/\/eldiariodesanpedro.com.ar\/sitio\/wp-json\/wp\/v2\/media\/46856"}],"wp:attachment":[{"href":"https:\/\/eldiariodesanpedro.com.ar\/sitio\/wp-json\/wp\/v2\/media?parent=46855"}],"wp:term":[{"taxonomy":"category","embeddable":true,"href":"https:\/\/eldiariodesanpedro.com.ar\/sitio\/wp-json\/wp\/v2\/categories?post=46855"},{"taxonomy":"post_tag","embeddable":true,"href":"https:\/\/eldiariodesanpedro.com.ar\/sitio\/wp-json\/wp\/v2\/tags?post=46855"}],"curies":[{"name":"wp","href":"https:\/\/api.w.org\/{rel}","templated":true}]}}