{"id":46844,"date":"2019-01-31T12:45:14","date_gmt":"2019-01-31T15:45:14","guid":{"rendered":"https:\/\/eldiariodesanpedro.com.ar\/sitio\/?p=46844"},"modified":"2019-01-31T12:45:26","modified_gmt":"2019-01-31T15:45:26","slug":"talleres-gratuitos-en-el-mes-de-febrero-en-el-complejo-turistico-municipal-san-pedro","status":"publish","type":"post","link":"https:\/\/eldiariodesanpedro.com.ar\/sitio\/talleres-gratuitos-en-el-mes-de-febrero-en-el-complejo-turistico-municipal-san-pedro\/","title":{"rendered":"Talleres gratuitos en el mes de febrero en el Complejo Tur\u00edstico Municipal San Pedro"},"content":{"rendered":"<!-- VideographyWP Plugin Message: Automatic video embedding prevented by plugin options. -->\n\n<p>La Direcci\u00f3n de Turismo informa que durante todo el mes de febrero se dictar\u00e1n talleres gratuitos para sampedrinos y turistas en el Complejo Ex Tiro Federal.\u00a0<br><\/p>\n\n\n\n<ul class=\"wp-block-list\"><li>Martes y jueves de 19 a 21 hs. Clases de Danzas Folkl\u00f3ricas.<br><\/li><li>Lunes y mi\u00e9rcoles de 18.30 a 20 hs. Clases de Ritmo \u201cComercial\u201d.<br><\/li><li>Mi\u00e9rcoles de 18 a 20 hs. Taller de Artesan\u00edas: Mates, bombillas y otros art\u00edculos.<br><\/li><li>Martes y jueves de 9.30 a 10.30 hs. Taller de reciclado, termo fusi\u00f3n, aprendizaje de confecci\u00f3n de mochilas y bolsos.&nbsp;<\/li><\/ul>\n\n\n\n<p>Para inscribirse llamar al Complejo Tur\u00edstico Municipal al: (3329) 428-483, o bien en Av. Espa\u00f1a 965.\n\n<\/p>\n","protected":false},"excerpt":{"rendered":"<p>La Direcci\u00f3n de Turismo informa que durante todo el mes de febrero se dictar\u00e1n talleres gratuitos para sampedrinos y turistas en el Complejo Ex Tiro Federal.\u00a0 Martes y jueves de 19 a 21 hs. Clases de Danzas Folkl\u00f3ricas. Lunes y mi\u00e9rcoles de 18.30 a 20 hs. Clases de Ritmo \u201cComercial\u201d. Mi\u00e9rcoles de 18 a 20 [&hellip;]<\/p>\n","protected":false},"author":4,"featured_media":46845,"comment_status":"open","ping_status":"closed","sticky":false,"template":"","format":"standard","meta":{"om_disable_all_campaigns":false,"_jetpack_memberships_contains_paid_content":false,"footnotes":""},"categories":[101,2],"tags":[],"class_list":["post-46844","post","type-post","status-publish","format-standard","has-post-thumbnail","hentry","category-interes-general-locales","category-locales"],"aioseo_notices":[],"gutentor_comment":0,"jetpack_featured_media_url":"https:\/\/eldiariodesanpedro.com.ar\/sitio\/wp-content\/uploads\/2019\/01\/WhatsApp-Image-2019-01-31-at-10.02.42.jpeg","jetpack_shortlink":"https:\/\/wp.me\/p6RhLt-cby","jetpack_sharing_enabled":true,"_links":{"self":[{"href":"https:\/\/eldiariodesanpedro.com.ar\/sitio\/wp-json\/wp\/v2\/posts\/46844","targetHints":{"allow":["GET"]}}],"collection":[{"href":"https:\/\/eldiariodesanpedro.com.ar\/sitio\/wp-json\/wp\/v2\/posts"}],"about":[{"href":"https:\/\/eldiariodesanpedro.com.ar\/sitio\/wp-json\/wp\/v2\/types\/post"}],"author":[{"embeddable":true,"href":"https:\/\/eldiariodesanpedro.com.ar\/sitio\/wp-json\/wp\/v2\/users\/4"}],"replies":[{"embeddable":true,"href":"https:\/\/eldiariodesanpedro.com.ar\/sitio\/wp-json\/wp\/v2\/comments?post=46844"}],"version-history":[{"count":1,"href":"https:\/\/eldiariodesanpedro.com.ar\/sitio\/wp-json\/wp\/v2\/posts\/46844\/revisions"}],"predecessor-version":[{"id":46846,"href":"https:\/\/eldiariodesanpedro.com.ar\/sitio\/wp-json\/wp\/v2\/posts\/46844\/revisions\/46846"}],"wp:featuredmedia":[{"embeddable":true,"href":"https:\/\/eldiariodesanpedro.com.ar\/sitio\/wp-json\/wp\/v2\/media\/46845"}],"wp:attachment":[{"href":"https:\/\/eldiariodesanpedro.com.ar\/sitio\/wp-json\/wp\/v2\/media?parent=46844"}],"wp:term":[{"taxonomy":"category","embeddable":true,"href":"https:\/\/eldiariodesanpedro.com.ar\/sitio\/wp-json\/wp\/v2\/categories?post=46844"},{"taxonomy":"post_tag","embeddable":true,"href":"https:\/\/eldiariodesanpedro.com.ar\/sitio\/wp-json\/wp\/v2\/tags?post=46844"}],"curies":[{"name":"wp","href":"https:\/\/api.w.org\/{rel}","templated":true}]}}