{"id":46841,"date":"2019-01-31T12:40:42","date_gmt":"2019-01-31T15:40:42","guid":{"rendered":"https:\/\/eldiariodesanpedro.com.ar\/sitio\/?p=46841"},"modified":"2019-01-31T12:40:50","modified_gmt":"2019-01-31T15:40:50","slug":"zarate-el-municipio-busca-alternativas-para-la-relocalizacion-del-barrio-los-pomelos","status":"publish","type":"post","link":"https:\/\/eldiariodesanpedro.com.ar\/sitio\/zarate-el-municipio-busca-alternativas-para-la-relocalizacion-del-barrio-los-pomelos\/","title":{"rendered":"Z\u00c1RATE: El Municipio  busca alternativas para la relocalizaci\u00f3n del barrio Los Pomelos"},"content":{"rendered":"<!-- VideographyWP Plugin Message: Automatic video embedding prevented by plugin options. -->\n\n<p>El Intendente Osvaldo C\u00e1ffaro se reuni\u00f3 el mi\u00e9rcoles por la ma\u00f1ana con dirigentes de la Sociedad de Fomento de barrio&nbsp;Smithfield&nbsp;para presentarles un novedoso programa para la construcci\u00f3n de 90 viviendas para los vecinos de Los Pomelos.<\/p>\n\n\n\n<figure class=\"wp-block-image\"><img decoding=\"async\" data-src=\"http:\/\/www.enlacecritico.com\/wp-content\/uploads\/2019\/01\/C%C3%A1ffaro-reuni%C3%B3n-fomentistas_658x400.jpeg\" alt=\"\" class=\"wp-image-270927 lazyload\" src=\"data:image\/svg+xml;base64,PHN2ZyB3aWR0aD0iMSIgaGVpZ2h0PSIxIiB4bWxucz0iaHR0cDovL3d3dy53My5vcmcvMjAwMC9zdmciPjwvc3ZnPg==\" \/><\/figure>\n\n\n\n<p>El Jefe Comunal, estuvo acompa\u00f1ado por el Secretario de Gobierno (a partir del 1 de febrero Secretario de Servicios P\u00fablicos), Pablo Gim\u00e9nez, quien detall\u00f3 que en la reuni\u00f3n se propuso a los dirigentes fomentistas una metodolog\u00eda de cogesti\u00f3n similar a la que se utiliza en el Presupuesto Participativo.<\/p>\n\n\n\n<p>En este caso, el Municipio propuso transferir a la entidad barrial los fondos necesarios para la construcci\u00f3n de 90 m\u00f3dulos habitacionales y de esta manera agilizar los tiempos, abaratar costos y poder as\u00ed dar una soluci\u00f3n habitacional a los vecinos de Los Pomelos.&nbsp;<em>\u201cNos encontramos en una etapa muy avanzada de relocalizaci\u00f3n a trav\u00e9s de un serio proceso de organizaci\u00f3n social y acceso al h\u00e1bitat\u201d<\/em>, dijo Gim\u00e9nez.<\/p>\n\n\n\n<figure class=\"wp-block-image\"><img decoding=\"async\" data-src=\"http:\/\/www.enlacecritico.com\/wp-content\/uploads\/2015\/07\/Barrio-Los-Pomelos.jpg\" alt=\"\" class=\"wp-image-123684 lazyload\" src=\"data:image\/svg+xml;base64,PHN2ZyB3aWR0aD0iMSIgaGVpZ2h0PSIxIiB4bWxucz0iaHR0cDovL3d3dy53My5vcmcvMjAwMC9zdmciPjwvc3ZnPg==\" \/><\/figure>\n\n\n\n<p>Se trat\u00f3 de la primera reuni\u00f3n y ahora los miembros de la Comisi\u00f3n Directiva de la instituci\u00f3n barrial presentar\u00e1n en asamblea esta propuesta municipal.<\/p>\n\n\n\n<p>Tambi\u00e9n estuvieron presentes la Dra. Geraldine Hahn,&nbsp; la Lic. Carla Benigno y el Arq. Carlos M\u00e9ndez del equipo de H\u00e1bitat municipal.<\/p>\n\n\n\n<p>Actualmente, Los Pomelos se encuentra en una situaci\u00f3n de h\u00e1bitat desfavorable, que impacta al medio ambiente, sin infraestructura y una zona de alto riesgo (est\u00e1n a metros del complejo Z\u00e1rate Brazo Largo).<\/p>\n\n\n\n<p>Con este programa ser\u00e1n relocalizados a un predio de calle Pellegrini aproximadamente 300 personas (m\u00e1s de la mitad son menores de edad) divididas en 90 m\u00f3dulos familiares.<\/p>\n\n\n\n<p>A mediados de 2018 se hab\u00eda abierto un proceso licitatorio para la construcci\u00f3n de las viviendas, pero la estampida del d\u00f3lar y la devaluaci\u00f3n del peso obligaron a replantear el proyecto y buscar alternativas viables para su construcci\u00f3n.<\/p>\n\n\n\n<div class=\"wp-block-image\"><figure class=\"aligncenter\"><img decoding=\"async\" data-src=\"http:\/\/www.enlacecritico.com\/wp-content\/uploads\/2019\/01\/Los-Pomelos.jpg\" alt=\"\" class=\"wp-image-270929 lazyload\" src=\"data:image\/svg+xml;base64,PHN2ZyB3aWR0aD0iMSIgaGVpZ2h0PSIxIiB4bWxucz0iaHR0cDovL3d3dy53My5vcmcvMjAwMC9zdmciPjwvc3ZnPg==\" \/><\/figure><\/div>\n\n\n\n<p>Fuente: <a href=\"http:\/\/www.enlacecritico.com\">Enlace Critico<\/a><\/p>\n","protected":false},"excerpt":{"rendered":"<p>El Intendente Osvaldo C\u00e1ffaro se reuni\u00f3 el mi\u00e9rcoles por la ma\u00f1ana con dirigentes de la Sociedad de Fomento de barrio&nbsp;Smithfield&nbsp;para presentarles un novedoso programa para la construcci\u00f3n de 90 viviendas para los vecinos de Los Pomelos. El Jefe Comunal, estuvo acompa\u00f1ado por el Secretario de Gobierno (a partir del 1 de febrero Secretario de Servicios [&hellip;]<\/p>\n","protected":false},"author":4,"featured_media":46842,"comment_status":"open","ping_status":"closed","sticky":false,"template":"","format":"standard","meta":{"om_disable_all_campaigns":false,"_jetpack_memberships_contains_paid_content":false,"footnotes":""},"categories":[621],"tags":[],"class_list":["post-46841","post","type-post","status-publish","format-standard","has-post-thumbnail","hentry","category-regionales"],"aioseo_notices":[],"gutentor_comment":0,"jetpack_featured_media_url":"https:\/\/eldiariodesanpedro.com.ar\/sitio\/wp-content\/uploads\/2019\/01\/Barrio-Los-Pomelos.jpg","jetpack_shortlink":"https:\/\/wp.me\/p6RhLt-cbv","jetpack_sharing_enabled":true,"_links":{"self":[{"href":"https:\/\/eldiariodesanpedro.com.ar\/sitio\/wp-json\/wp\/v2\/posts\/46841","targetHints":{"allow":["GET"]}}],"collection":[{"href":"https:\/\/eldiariodesanpedro.com.ar\/sitio\/wp-json\/wp\/v2\/posts"}],"about":[{"href":"https:\/\/eldiariodesanpedro.com.ar\/sitio\/wp-json\/wp\/v2\/types\/post"}],"author":[{"embeddable":true,"href":"https:\/\/eldiariodesanpedro.com.ar\/sitio\/wp-json\/wp\/v2\/users\/4"}],"replies":[{"embeddable":true,"href":"https:\/\/eldiariodesanpedro.com.ar\/sitio\/wp-json\/wp\/v2\/comments?post=46841"}],"version-history":[{"count":1,"href":"https:\/\/eldiariodesanpedro.com.ar\/sitio\/wp-json\/wp\/v2\/posts\/46841\/revisions"}],"predecessor-version":[{"id":46843,"href":"https:\/\/eldiariodesanpedro.com.ar\/sitio\/wp-json\/wp\/v2\/posts\/46841\/revisions\/46843"}],"wp:featuredmedia":[{"embeddable":true,"href":"https:\/\/eldiariodesanpedro.com.ar\/sitio\/wp-json\/wp\/v2\/media\/46842"}],"wp:attachment":[{"href":"https:\/\/eldiariodesanpedro.com.ar\/sitio\/wp-json\/wp\/v2\/media?parent=46841"}],"wp:term":[{"taxonomy":"category","embeddable":true,"href":"https:\/\/eldiariodesanpedro.com.ar\/sitio\/wp-json\/wp\/v2\/categories?post=46841"},{"taxonomy":"post_tag","embeddable":true,"href":"https:\/\/eldiariodesanpedro.com.ar\/sitio\/wp-json\/wp\/v2\/tags?post=46841"}],"curies":[{"name":"wp","href":"https:\/\/api.w.org\/{rel}","templated":true}]}}