{"id":46837,"date":"2019-01-31T12:38:14","date_gmt":"2019-01-31T15:38:14","guid":{"rendered":"https:\/\/eldiariodesanpedro.com.ar\/sitio\/?p=46837"},"modified":"2019-01-31T12:38:23","modified_gmt":"2019-01-31T15:38:23","slug":"zarate-vandalismo-y-robo-en-tecnica-n1-de-zarate","status":"publish","type":"post","link":"https:\/\/eldiariodesanpedro.com.ar\/sitio\/zarate-vandalismo-y-robo-en-tecnica-n1-de-zarate\/","title":{"rendered":"Z\u00c1RATE: Vandalismo y robo en T\u00e9cnica N\u00b01 de Z\u00e1rate"},"content":{"rendered":"<!-- VideographyWP Plugin Message: Automatic video embedding prevented by plugin options. -->\n\n<p>Durante la noche del mi\u00e9rcoles delincuentes ingresaron al ex Colegio Industrial y arrasaron con todo lo que encontraron a su paso. Rompieron vidrios, puertas, pizarrones y m\u00faltiple material de estudio.&nbsp;<\/p>\n\n\n\n<p>\u201cMataderos manda\u201d fue una de las inscripciones m\u00e1s notables que dejaron escritas en las paredes. Adem\u00e1s, el s\u00edmbolo de cinco puntos del dado que en la jerga significan \u201cmuerte a la polic\u00eda\u201d.<\/p>\n\n\n\n<p>Seg\u00fan trascendi\u00f3, cuando los efectivos Policiales y Polic\u00eda Cient\u00edfica realizaban las pericias, encontraron una bolsa con todos los elementos que los j\u00f3venes pensaban llevarse. Al parecer, se la olvidaron antes de marcharse.<\/p>\n\n\n\n<figure class=\"wp-block-image is-resized\"><img decoding=\"async\" data-attachment-id=\"46839\" data-permalink=\"https:\/\/eldiariodesanpedro.com.ar\/sitio\/zarate-vandalismo-y-robo-en-tecnica-n1-de-zarate\/robo-industrial-2-225x300\/\" data-orig-file=\"https:\/\/eldiariodesanpedro.com.ar\/sitio\/wp-content\/uploads\/2019\/01\/robo-industrial-2-225x300.jpg\" data-orig-size=\"225,300\" data-comments-opened=\"1\" data-image-meta=\"{&quot;aperture&quot;:&quot;0&quot;,&quot;credit&quot;:&quot;&quot;,&quot;camera&quot;:&quot;&quot;,&quot;caption&quot;:&quot;&quot;,&quot;created_timestamp&quot;:&quot;0&quot;,&quot;copyright&quot;:&quot;&quot;,&quot;focal_length&quot;:&quot;0&quot;,&quot;iso&quot;:&quot;0&quot;,&quot;shutter_speed&quot;:&quot;0&quot;,&quot;title&quot;:&quot;&quot;,&quot;orientation&quot;:&quot;0&quot;}\" data-image-title=\"robo-industrial-2-225&amp;#215;300\" data-image-description=\"\" data-image-caption=\"\" data-large-file=\"https:\/\/eldiariodesanpedro.com.ar\/sitio\/wp-content\/uploads\/2019\/01\/robo-industrial-2-225x300.jpg\" data-src=\"https:\/\/eldiariodesanpedro.com.ar\/sitio\/wp-content\/uploads\/2019\/01\/robo-industrial-2-225x300.jpg\" alt=\"\" class=\"wp-image-46839 lazyload\" width=\"581\" height=\"775\" src=\"data:image\/svg+xml;base64,PHN2ZyB3aWR0aD0iMSIgaGVpZ2h0PSIxIiB4bWxucz0iaHR0cDovL3d3dy53My5vcmcvMjAwMC9zdmciPjwvc3ZnPg==\" style=\"--smush-placeholder-width: 581px; --smush-placeholder-aspect-ratio: 581\/775;\" \/><\/figure>\n","protected":false},"excerpt":{"rendered":"<p>Durante la noche del mi\u00e9rcoles delincuentes ingresaron al ex Colegio Industrial y arrasaron con todo lo que encontraron a su paso. Rompieron vidrios, puertas, pizarrones y m\u00faltiple material de estudio.&nbsp; \u201cMataderos manda\u201d fue una de las inscripciones m\u00e1s notables que dejaron escritas en las paredes. Adem\u00e1s, el s\u00edmbolo de cinco puntos del dado que en [&hellip;]<\/p>\n","protected":false},"author":4,"featured_media":46838,"comment_status":"open","ping_status":"closed","sticky":false,"template":"","format":"standard","meta":{"om_disable_all_campaigns":false,"_jetpack_memberships_contains_paid_content":false,"footnotes":""},"categories":[621],"tags":[],"class_list":["post-46837","post","type-post","status-publish","format-standard","has-post-thumbnail","hentry","category-regionales"],"aioseo_notices":[],"gutentor_comment":0,"jetpack_featured_media_url":"https:\/\/eldiariodesanpedro.com.ar\/sitio\/wp-content\/uploads\/2019\/01\/industrial-robo.jpg","jetpack_shortlink":"https:\/\/wp.me\/p6RhLt-cbr","jetpack_sharing_enabled":true,"_links":{"self":[{"href":"https:\/\/eldiariodesanpedro.com.ar\/sitio\/wp-json\/wp\/v2\/posts\/46837","targetHints":{"allow":["GET"]}}],"collection":[{"href":"https:\/\/eldiariodesanpedro.com.ar\/sitio\/wp-json\/wp\/v2\/posts"}],"about":[{"href":"https:\/\/eldiariodesanpedro.com.ar\/sitio\/wp-json\/wp\/v2\/types\/post"}],"author":[{"embeddable":true,"href":"https:\/\/eldiariodesanpedro.com.ar\/sitio\/wp-json\/wp\/v2\/users\/4"}],"replies":[{"embeddable":true,"href":"https:\/\/eldiariodesanpedro.com.ar\/sitio\/wp-json\/wp\/v2\/comments?post=46837"}],"version-history":[{"count":1,"href":"https:\/\/eldiariodesanpedro.com.ar\/sitio\/wp-json\/wp\/v2\/posts\/46837\/revisions"}],"predecessor-version":[{"id":46840,"href":"https:\/\/eldiariodesanpedro.com.ar\/sitio\/wp-json\/wp\/v2\/posts\/46837\/revisions\/46840"}],"wp:featuredmedia":[{"embeddable":true,"href":"https:\/\/eldiariodesanpedro.com.ar\/sitio\/wp-json\/wp\/v2\/media\/46838"}],"wp:attachment":[{"href":"https:\/\/eldiariodesanpedro.com.ar\/sitio\/wp-json\/wp\/v2\/media?parent=46837"}],"wp:term":[{"taxonomy":"category","embeddable":true,"href":"https:\/\/eldiariodesanpedro.com.ar\/sitio\/wp-json\/wp\/v2\/categories?post=46837"},{"taxonomy":"post_tag","embeddable":true,"href":"https:\/\/eldiariodesanpedro.com.ar\/sitio\/wp-json\/wp\/v2\/tags?post=46837"}],"curies":[{"name":"wp","href":"https:\/\/api.w.org\/{rel}","templated":true}]}}