{"id":4677,"date":"2016-05-23T20:05:38","date_gmt":"2016-05-23T23:05:38","guid":{"rendered":"https:\/\/eldiariodesanpedro.com.ar\/sitio\/?p=4677"},"modified":"2016-05-23T20:05:38","modified_gmt":"2016-05-23T23:05:38","slug":"secuestran-motos-de-una-caravana-en-la-zona-centrica","status":"publish","type":"post","link":"https:\/\/eldiariodesanpedro.com.ar\/sitio\/secuestran-motos-de-una-caravana-en-la-zona-centrica\/","title":{"rendered":"Secuestran motos de una caravana en la zona \u0107entrica"},"content":{"rendered":"<p><!-- VideographyWP Plugin Message: Automatic video embedding prevented by plugin options. --><br \/>\nTal cual lo informamos algunas semanas atr\u00e1s, nuevamente el domingo pasado se volvi\u00f3 a dar una caravana de motos. Esta situaci\u00f3n ocurre siempre en la antesala del comienzo de la semana, alterando el orden p\u00fablico.<br \/>\n\u201cHoras de la noche en operativo tr\u00e1nsito se logr\u00f3 el secuestro de cuatro motos, las cuales circulaban junto a otra gran cantidad de motos por zona c\u00e9ntrica de la ciudad\u201d, comunic\u00f3 la polic\u00eda en el parte de prensa.<\/p>\n","protected":false},"excerpt":{"rendered":"<p>Tal cual lo informamos algunas semanas atr\u00e1s, nuevamente el domingo pasado se volvi\u00f3 a dar una caravana de motos. Esta situaci\u00f3n ocurre siempre en la antesala del comienzo de la semana, alterando el orden p\u00fablico. \u201cHoras de la noche en operativo tr\u00e1nsito se logr\u00f3 el secuestro de cuatro motos, las cuales circulaban junto a otra [&hellip;]<\/p>\n","protected":false},"author":4,"featured_media":4678,"comment_status":"open","ping_status":"closed","sticky":false,"template":"","format":"standard","meta":{"om_disable_all_campaigns":false,"_jetpack_memberships_contains_paid_content":false,"footnotes":""},"categories":[2,103],"tags":[],"class_list":["post-4677","post","type-post","status-publish","format-standard","has-post-thumbnail","hentry","category-locales","category-policiales-locales"],"aioseo_notices":[],"gutentor_comment":0,"jetpack_featured_media_url":"https:\/\/eldiariodesanpedro.com.ar\/sitio\/wp-content\/uploads\/2016\/05\/PAGINA-3-8.jpg","jetpack_shortlink":"https:\/\/wp.me\/p6RhLt-1dr","jetpack_sharing_enabled":true,"_links":{"self":[{"href":"https:\/\/eldiariodesanpedro.com.ar\/sitio\/wp-json\/wp\/v2\/posts\/4677","targetHints":{"allow":["GET"]}}],"collection":[{"href":"https:\/\/eldiariodesanpedro.com.ar\/sitio\/wp-json\/wp\/v2\/posts"}],"about":[{"href":"https:\/\/eldiariodesanpedro.com.ar\/sitio\/wp-json\/wp\/v2\/types\/post"}],"author":[{"embeddable":true,"href":"https:\/\/eldiariodesanpedro.com.ar\/sitio\/wp-json\/wp\/v2\/users\/4"}],"replies":[{"embeddable":true,"href":"https:\/\/eldiariodesanpedro.com.ar\/sitio\/wp-json\/wp\/v2\/comments?post=4677"}],"version-history":[{"count":1,"href":"https:\/\/eldiariodesanpedro.com.ar\/sitio\/wp-json\/wp\/v2\/posts\/4677\/revisions"}],"predecessor-version":[{"id":4679,"href":"https:\/\/eldiariodesanpedro.com.ar\/sitio\/wp-json\/wp\/v2\/posts\/4677\/revisions\/4679"}],"wp:featuredmedia":[{"embeddable":true,"href":"https:\/\/eldiariodesanpedro.com.ar\/sitio\/wp-json\/wp\/v2\/media\/4678"}],"wp:attachment":[{"href":"https:\/\/eldiariodesanpedro.com.ar\/sitio\/wp-json\/wp\/v2\/media?parent=4677"}],"wp:term":[{"taxonomy":"category","embeddable":true,"href":"https:\/\/eldiariodesanpedro.com.ar\/sitio\/wp-json\/wp\/v2\/categories?post=4677"},{"taxonomy":"post_tag","embeddable":true,"href":"https:\/\/eldiariodesanpedro.com.ar\/sitio\/wp-json\/wp\/v2\/tags?post=4677"}],"curies":[{"name":"wp","href":"https:\/\/api.w.org\/{rel}","templated":true}]}}