{"id":4674,"date":"2016-05-23T19:56:44","date_gmt":"2016-05-23T22:56:44","guid":{"rendered":"https:\/\/eldiariodesanpedro.com.ar\/sitio\/?p=4674"},"modified":"2016-05-23T19:56:44","modified_gmt":"2016-05-23T22:56:44","slug":"varios-accidentes-graves-el-fin-de-semana","status":"publish","type":"post","link":"https:\/\/eldiariodesanpedro.com.ar\/sitio\/varios-accidentes-graves-el-fin-de-semana\/","title":{"rendered":"Varios accidentes graves el fin de semana"},"content":{"rendered":"<p><!-- VideographyWP Plugin Message: Automatic video embedding prevented by plugin options. --><br \/>\nAdem\u00e1s de grave siniestro donde muri\u00f3 Sebasti\u00e1n Mi\u00f1o y Eric Piquet contin\u00faa gravemente herido, hubo otro siniestros importantes. Uno de ellos tambi\u00e9n el domingo, donde un menor de 17 a\u00f1os que se dirig\u00eda con su moto por calle Saavedra y en la intersecci\u00f3n de Las Provincias fue atropellado por un veh\u00edculo. El mismo debi\u00f3 ser trasladado por el Servicio de Emergencia 107 al nosocomio local, donde se pudo determinar que sufri\u00f3 un traumatismo  de cr\u00e1neo con fractura expuesta de tibia y peron\u00e9.<br \/>\nTambi\u00e9n un hombre de 40 a\u00f1os se accident\u00f3 camino a Gdor. Castro. Seg\u00fan se pudo constatar estaba alcoholizado y como consecuencia del golpe sufri\u00f3 fractura de base de cr\u00e1neo y su estado es delicado.<\/p>\n","protected":false},"excerpt":{"rendered":"<p>Adem\u00e1s de grave siniestro donde muri\u00f3 Sebasti\u00e1n Mi\u00f1o y Eric Piquet contin\u00faa gravemente herido, hubo otro siniestros importantes. Uno de ellos tambi\u00e9n el domingo, donde un menor de 17 a\u00f1os que se dirig\u00eda con su moto por calle Saavedra y en la intersecci\u00f3n de Las Provincias fue atropellado por un veh\u00edculo. El mismo debi\u00f3 ser [&hellip;]<\/p>\n","protected":false},"author":4,"featured_media":4675,"comment_status":"open","ping_status":"closed","sticky":false,"template":"","format":"standard","meta":{"om_disable_all_campaigns":false,"_jetpack_memberships_contains_paid_content":false,"footnotes":""},"categories":[50,2,103],"tags":[],"class_list":["post-4674","post","type-post","status-publish","format-standard","has-post-thumbnail","hentry","category-destacadas","category-locales","category-policiales-locales"],"aioseo_notices":[],"gutentor_comment":0,"jetpack_featured_media_url":"https:\/\/eldiariodesanpedro.com.ar\/sitio\/wp-content\/uploads\/2016\/05\/guardia.jpg","jetpack_shortlink":"https:\/\/wp.me\/p6RhLt-1do","jetpack_sharing_enabled":true,"_links":{"self":[{"href":"https:\/\/eldiariodesanpedro.com.ar\/sitio\/wp-json\/wp\/v2\/posts\/4674","targetHints":{"allow":["GET"]}}],"collection":[{"href":"https:\/\/eldiariodesanpedro.com.ar\/sitio\/wp-json\/wp\/v2\/posts"}],"about":[{"href":"https:\/\/eldiariodesanpedro.com.ar\/sitio\/wp-json\/wp\/v2\/types\/post"}],"author":[{"embeddable":true,"href":"https:\/\/eldiariodesanpedro.com.ar\/sitio\/wp-json\/wp\/v2\/users\/4"}],"replies":[{"embeddable":true,"href":"https:\/\/eldiariodesanpedro.com.ar\/sitio\/wp-json\/wp\/v2\/comments?post=4674"}],"version-history":[{"count":1,"href":"https:\/\/eldiariodesanpedro.com.ar\/sitio\/wp-json\/wp\/v2\/posts\/4674\/revisions"}],"predecessor-version":[{"id":4676,"href":"https:\/\/eldiariodesanpedro.com.ar\/sitio\/wp-json\/wp\/v2\/posts\/4674\/revisions\/4676"}],"wp:featuredmedia":[{"embeddable":true,"href":"https:\/\/eldiariodesanpedro.com.ar\/sitio\/wp-json\/wp\/v2\/media\/4675"}],"wp:attachment":[{"href":"https:\/\/eldiariodesanpedro.com.ar\/sitio\/wp-json\/wp\/v2\/media?parent=4674"}],"wp:term":[{"taxonomy":"category","embeddable":true,"href":"https:\/\/eldiariodesanpedro.com.ar\/sitio\/wp-json\/wp\/v2\/categories?post=4674"},{"taxonomy":"post_tag","embeddable":true,"href":"https:\/\/eldiariodesanpedro.com.ar\/sitio\/wp-json\/wp\/v2\/tags?post=4674"}],"curies":[{"name":"wp","href":"https:\/\/api.w.org\/{rel}","templated":true}]}}