{"id":4672,"date":"2016-05-23T19:19:21","date_gmt":"2016-05-23T22:19:21","guid":{"rendered":"https:\/\/eldiariodesanpedro.com.ar\/sitio\/?p=4672"},"modified":"2016-05-23T19:19:21","modified_gmt":"2016-05-23T22:19:21","slug":"un-hombre-que-se-quito-la-vida-en-la-zona-rural","status":"publish","type":"post","link":"https:\/\/eldiariodesanpedro.com.ar\/sitio\/un-hombre-que-se-quito-la-vida-en-la-zona-rural\/","title":{"rendered":"Un hombre que se quit\u00f3 la vida en la zona rural"},"content":{"rendered":"<p><!-- VideographyWP Plugin Message: Automatic video embedding prevented by plugin options. --><br \/>\nEl cuerpo sin vida fue hallado en un establecimiento rural en el Km. 19 de la Ruta 191. Seg\u00fan se pudo constatar se trata de una persona de 35 a\u00f1os que se desempe\u00f1aba en el lugar y el encargado lo encontr\u00f3 tras haberse quitado la vida.<br \/>\nEl cuerpo fue trasladado a Morgue judicial San Nicol\u00e1s fines realizar autopsia y constatar c\u00f3mo falleci\u00f3.<br \/>\nTom\u00f3 intervenci\u00f3n UFI nro. 11 San Pedro la que caratul\u00f3 la causa como \u201cAveriguaci\u00f3n de Causales de Muerte\u201d.<\/p>\n","protected":false},"excerpt":{"rendered":"<p>El cuerpo sin vida fue hallado en un establecimiento rural en el Km. 19 de la Ruta 191. Seg\u00fan se pudo constatar se trata de una persona de 35 a\u00f1os que se desempe\u00f1aba en el lugar y el encargado lo encontr\u00f3 tras haberse quitado la vida. El cuerpo fue trasladado a Morgue judicial San Nicol\u00e1s [&hellip;]<\/p>\n","protected":false},"author":4,"featured_media":4522,"comment_status":"open","ping_status":"closed","sticky":false,"template":"","format":"standard","meta":{"om_disable_all_campaigns":false,"_jetpack_memberships_contains_paid_content":false,"footnotes":""},"categories":[2,103],"tags":[],"class_list":["post-4672","post","type-post","status-publish","format-standard","has-post-thumbnail","hentry","category-locales","category-policiales-locales"],"aioseo_notices":[],"gutentor_comment":0,"jetpack_featured_media_url":"https:\/\/eldiariodesanpedro.com.ar\/sitio\/wp-content\/uploads\/2016\/05\/68d3_patrulla.jpg","jetpack_shortlink":"https:\/\/wp.me\/p6RhLt-1dm","jetpack_sharing_enabled":true,"_links":{"self":[{"href":"https:\/\/eldiariodesanpedro.com.ar\/sitio\/wp-json\/wp\/v2\/posts\/4672","targetHints":{"allow":["GET"]}}],"collection":[{"href":"https:\/\/eldiariodesanpedro.com.ar\/sitio\/wp-json\/wp\/v2\/posts"}],"about":[{"href":"https:\/\/eldiariodesanpedro.com.ar\/sitio\/wp-json\/wp\/v2\/types\/post"}],"author":[{"embeddable":true,"href":"https:\/\/eldiariodesanpedro.com.ar\/sitio\/wp-json\/wp\/v2\/users\/4"}],"replies":[{"embeddable":true,"href":"https:\/\/eldiariodesanpedro.com.ar\/sitio\/wp-json\/wp\/v2\/comments?post=4672"}],"version-history":[{"count":1,"href":"https:\/\/eldiariodesanpedro.com.ar\/sitio\/wp-json\/wp\/v2\/posts\/4672\/revisions"}],"predecessor-version":[{"id":4673,"href":"https:\/\/eldiariodesanpedro.com.ar\/sitio\/wp-json\/wp\/v2\/posts\/4672\/revisions\/4673"}],"wp:featuredmedia":[{"embeddable":true,"href":"https:\/\/eldiariodesanpedro.com.ar\/sitio\/wp-json\/wp\/v2\/media\/4522"}],"wp:attachment":[{"href":"https:\/\/eldiariodesanpedro.com.ar\/sitio\/wp-json\/wp\/v2\/media?parent=4672"}],"wp:term":[{"taxonomy":"category","embeddable":true,"href":"https:\/\/eldiariodesanpedro.com.ar\/sitio\/wp-json\/wp\/v2\/categories?post=4672"},{"taxonomy":"post_tag","embeddable":true,"href":"https:\/\/eldiariodesanpedro.com.ar\/sitio\/wp-json\/wp\/v2\/tags?post=4672"}],"curies":[{"name":"wp","href":"https:\/\/api.w.org\/{rel}","templated":true}]}}