{"id":4669,"date":"2016-05-23T19:17:40","date_gmt":"2016-05-23T22:17:40","guid":{"rendered":"https:\/\/eldiariodesanpedro.com.ar\/sitio\/?p=4669"},"modified":"2016-05-23T19:17:40","modified_gmt":"2016-05-23T22:17:40","slug":"manso-sabemos-por-vecinos-que-hacia-las-compras-sola-o-acompanada-de-chicos-menores-de-edad","status":"publish","type":"post","link":"https:\/\/eldiariodesanpedro.com.ar\/sitio\/manso-sabemos-por-vecinos-que-hacia-las-compras-sola-o-acompanada-de-chicos-menores-de-edad\/","title":{"rendered":"Manso: \u201cSabemos por vecinos que hac\u00eda las compras sola o acompa\u00f1ada de chicos menores de edad\u201d"},"content":{"rendered":"<p><!-- VideographyWP Plugin Message: Automatic video embedding prevented by plugin options. --><br \/>\n\u201cDetectamos algunas inconsistencias en la denunciante\u201d asegur\u00f3 el Dr. Marcelo, fiscal que entiende en la causa de la mujer que habr\u00eda sido retenida contra su voluntad. \u201cEs en lo que profundizamos ahora para tratar de determinar si existi\u00f3 o no la privaci\u00f3n ilegal de la libertad\u201d, dijo en una entrevista concedida al canal C5N.<br \/>\nEn tanto que asever\u00f3 que \u201cno hay personas detenidas por esas inconsistencias\u201d , eso explica porque por el momento no han sido imputados los suegros de la j\u00f3venes, sindicados por ella como los responsables de tenerla cautiva.<br \/>\nEn ese sentido el titular de la UFI N\u00ba 5 de nuestra ciudad agreg\u00f3: \u201cLa denunciante manifest\u00f3 que tuvo una privaci\u00f3n de la libertad de 8 meses pero sabemos que radic\u00f3 una denuncia que se constituy\u00f3 en enero en el pueblo donde vive. Tambi\u00e9n sabemos por vecinos que hac\u00eda las compras sola o acompa\u00f1ada de chicos menores de edad\u201d.<br \/>\nAl tiempo que dijo que busca determinar qu\u00e9 tipo de privaci\u00f3n ilegal de libertad exist\u00eda y ante la consulta si hab\u00eda tenido contactos con los acusados del hecho agreg\u00f3: \u201cEn alg\u00fan momento yo le tengo que tomar una declaraci\u00f3n pero como imputados. El contacto primario es con la defensa\u201d.<br \/>\nEn tanto que sobre el estado de la joven, se\u00f1al\u00f3: \u201cNo me pareci\u00f3 una mujer que haya sufrido tantos padecimientos pero es una opini\u00f3n subjetiva\u201d. <\/p>\n","protected":false},"excerpt":{"rendered":"<p>\u201cDetectamos algunas inconsistencias en la denunciante\u201d asegur\u00f3 el Dr. Marcelo, fiscal que entiende en la causa de la mujer que habr\u00eda sido retenida contra su voluntad. \u201cEs en lo que profundizamos ahora para tratar de determinar si existi\u00f3 o no la privaci\u00f3n ilegal de la libertad\u201d, dijo en una entrevista concedida al canal C5N. En [&hellip;]<\/p>\n","protected":false},"author":4,"featured_media":4670,"comment_status":"open","ping_status":"closed","sticky":false,"template":"","format":"standard","meta":{"om_disable_all_campaigns":false,"_jetpack_memberships_contains_paid_content":false,"footnotes":""},"categories":[50,2,103],"tags":[],"class_list":["post-4669","post","type-post","status-publish","format-standard","has-post-thumbnail","hentry","category-destacadas","category-locales","category-policiales-locales"],"aioseo_notices":[],"gutentor_comment":0,"jetpack_featured_media_url":"https:\/\/eldiariodesanpedro.com.ar\/sitio\/wp-content\/uploads\/2016\/05\/Manso.jpg","jetpack_shortlink":"https:\/\/wp.me\/p6RhLt-1dj","jetpack_sharing_enabled":true,"_links":{"self":[{"href":"https:\/\/eldiariodesanpedro.com.ar\/sitio\/wp-json\/wp\/v2\/posts\/4669","targetHints":{"allow":["GET"]}}],"collection":[{"href":"https:\/\/eldiariodesanpedro.com.ar\/sitio\/wp-json\/wp\/v2\/posts"}],"about":[{"href":"https:\/\/eldiariodesanpedro.com.ar\/sitio\/wp-json\/wp\/v2\/types\/post"}],"author":[{"embeddable":true,"href":"https:\/\/eldiariodesanpedro.com.ar\/sitio\/wp-json\/wp\/v2\/users\/4"}],"replies":[{"embeddable":true,"href":"https:\/\/eldiariodesanpedro.com.ar\/sitio\/wp-json\/wp\/v2\/comments?post=4669"}],"version-history":[{"count":1,"href":"https:\/\/eldiariodesanpedro.com.ar\/sitio\/wp-json\/wp\/v2\/posts\/4669\/revisions"}],"predecessor-version":[{"id":4671,"href":"https:\/\/eldiariodesanpedro.com.ar\/sitio\/wp-json\/wp\/v2\/posts\/4669\/revisions\/4671"}],"wp:featuredmedia":[{"embeddable":true,"href":"https:\/\/eldiariodesanpedro.com.ar\/sitio\/wp-json\/wp\/v2\/media\/4670"}],"wp:attachment":[{"href":"https:\/\/eldiariodesanpedro.com.ar\/sitio\/wp-json\/wp\/v2\/media?parent=4669"}],"wp:term":[{"taxonomy":"category","embeddable":true,"href":"https:\/\/eldiariodesanpedro.com.ar\/sitio\/wp-json\/wp\/v2\/categories?post=4669"},{"taxonomy":"post_tag","embeddable":true,"href":"https:\/\/eldiariodesanpedro.com.ar\/sitio\/wp-json\/wp\/v2\/tags?post=4669"}],"curies":[{"name":"wp","href":"https:\/\/api.w.org\/{rel}","templated":true}]}}