{"id":4666,"date":"2016-05-23T18:47:07","date_gmt":"2016-05-23T21:47:07","guid":{"rendered":"https:\/\/eldiariodesanpedro.com.ar\/sitio\/?p=4666"},"modified":"2016-05-23T18:47:07","modified_gmt":"2016-05-23T21:47:07","slug":"derivan-a-buenos-aires-a-un-hombre-con-gripe-a-oriundo-de-gobernador-castro","status":"publish","type":"post","link":"https:\/\/eldiariodesanpedro.com.ar\/sitio\/derivan-a-buenos-aires-a-un-hombre-con-gripe-a-oriundo-de-gobernador-castro\/","title":{"rendered":"Derivan a Buenos Aires a un hombre con gripe A, oriundo de Gobernador Castro"},"content":{"rendered":"<p><!-- VideographyWP Plugin Message: Automatic video embedding prevented by plugin options. --><br \/>\nTras permanecer enfermo en su casa una semana, por lo que se presum\u00eda que pod\u00eda ser una gripe com\u00fan, ante la gravedad de su cuadro su familia decidi\u00f3 que sea derivado al centro asistencial de alta complejidad, donde se encuentra actualmente. Cabe destacar que adem\u00e1s se trata de un paciente coronario que hab\u00eda sido operado poco tiempo atr\u00e1s en ese lugar.<br \/>\nSobre ello, la directora del Hospital 26 de Julio de la localidad de Gobernador Castro, la Dra. Daniela Alves, explic\u00f3: \u201cLo que sabemos, lo que hablamos con los familiares directo del paciente\u201d es que \u201ces un paciente mayor de 65 a\u00f1os con problemas cardiol\u00f3gicos y una patolog\u00eda de base, es lo que consideramos dentro de grupo de riesgo\u201d.<br \/>\nY seguidamente asever\u00f3: \u201cEmpez\u00f3 con sintomatolog\u00eda de gripe com\u00fan, despu\u00e9s los s\u00edntomas se fueron agravando, es ah\u00ed cuando interviene la visita domiciliaria (de un m\u00e9dico) por pedido de la familia y al no resolverse la sintomatolog\u00eda en los tiempos aceptables, la familia decide por un agravamiento del cuadro derivarlo al lugar donde hab\u00eda sido operado\u201d.<br \/>\nEn ese sentido, se\u00f1al\u00f3: \u201cHace 48 horas que tiene el diagn\u00f3stico, seg\u00fan me confirm\u00f3 la familia, de gripe A\u201d, y asever\u00f3: \u201cPor un familiar directo recibimos la noticia\u201d.<br \/>\nEn tanto, la profesional mencion\u00f3 algunos recaudos para tomar en torno a la enfermedad: \u201cSi no se est\u00e1 dentro de la poblaci\u00f3n de riesgo, es una gripe que normalmente se pasa en pie. Sin asistencia en una o dos semanas, los s\u00edntomas desaparecen\u201d.<br \/>\n\u201cSe puede prevenir, hay posibilidades de disminuir la sintomatolog\u00eda, incluso las complicaciones con la vacuna\u201d, indic\u00f3 Alves.<br \/>\nAl tiempo, agreg\u00f3 que la vacuna: \u201cEn la poblaci\u00f3n de riesgo es gratuita, se encuentra en todos los servicios sanitarios de la localidad y del partido, fundamentalmente para menores de dos a\u00f1os, embarazadas en cualquier mes de gestaci\u00f3n, para mayores de 65 y despu\u00e9s los que no est\u00e1n en ese rango etario, ser\u00eda entre 12 y 64 a\u00f1os cualquier persona sea considerada de riesgo con una indicaci\u00f3n m\u00e9dica\u201d.<\/p>\n<p>Insisten en que no hay epidemia<\/p>\n<p> Ante el aumento en la cantidad de casos, el director nacional de Epidemiolog\u00eda, Jorge San Juan, asegur\u00f3 que no existe una epidemia de gripe A en la Argentina y confirm\u00f3 la muerte de 11 pacientes infectados, aunque reconoci\u00f3 que la cifra puede ser mayor porque el \u00faltimo reporte oficial tiene \u00abtres semanas de retraso\u00bb.<br \/>\nSan Juan reconoci\u00f3 que creci\u00f3 el n\u00famero en relaci\u00f3n al a\u00f1o pasado aunque descart\u00f3 epidemia, y exhort\u00f3 a la ciudadan\u00eda a inocularse contra la afecci\u00f3n, al enfatizar que \u00ablas personas que fallecieron no se hab\u00edan vacunado\u00bb. Incluso, manifest\u00f3 que, \u00abpara aquel que no est\u00e1 indicada la vacuna, tambi\u00e9n puede hacerlo\u00bb, debido a que \u00abno tiene ninguna contraindicaci\u00f3n\u00bb.<br \/>\n\u00abOnce muertos confirmados\u00bb, respondi\u00f3 San Juan consultado por radio Belgrano sobre la cantidad de decesos producidos por la gripe A. Pero a\u00f1adi\u00f3: \u00abEstamos con una cifra que tiene aproximadamente tres semanas de retraso. Posiblemente, haya m\u00e1s. Pero, hasta ahora, confirmados por nosotros en el Ministerio (de Salud), son once muertos\u00bb.<br \/>\n\u00abTodas las provincias han reportados casos\u00bb, enfatiz\u00f3 San Juan pero, preguntado sobre si exist\u00eda una epidemia de gripe A, contest\u00f3: \u00abNo\u00bb.<br \/>\nSin embargo, dijo que \u00ablos casos de influenza, comparados con los del a\u00f1o pasado, han aumentado\u00bb.\u00bbTenemos un grupo de personas adultos-j\u00f3venes y menores de cinco a\u00f1os con enfermedad tipo influenza, pero ah\u00ed est\u00e1n incluido los tres tipos de influenza\u00bb, manifest\u00f3.<\/p>\n","protected":false},"excerpt":{"rendered":"<p>Tras permanecer enfermo en su casa una semana, por lo que se presum\u00eda que pod\u00eda ser una gripe com\u00fan, ante la gravedad de su cuadro su familia decidi\u00f3 que sea derivado al centro asistencial de alta complejidad, donde se encuentra actualmente. Cabe destacar que adem\u00e1s se trata de un paciente coronario que hab\u00eda sido operado [&hellip;]<\/p>\n","protected":false},"author":4,"featured_media":4667,"comment_status":"open","ping_status":"closed","sticky":false,"template":"","format":"standard","meta":{"om_disable_all_campaigns":false,"_jetpack_memberships_contains_paid_content":false,"footnotes":""},"categories":[50,101,2],"tags":[],"class_list":["post-4666","post","type-post","status-publish","format-standard","has-post-thumbnail","hentry","category-destacadas","category-interes-general-locales","category-locales"],"aioseo_notices":[],"gutentor_comment":0,"jetpack_featured_media_url":"https:\/\/eldiariodesanpedro.com.ar\/sitio\/wp-content\/uploads\/2016\/05\/PAGINA-5-7.jpg","jetpack_shortlink":"https:\/\/wp.me\/p6RhLt-1dg","jetpack_sharing_enabled":true,"_links":{"self":[{"href":"https:\/\/eldiariodesanpedro.com.ar\/sitio\/wp-json\/wp\/v2\/posts\/4666","targetHints":{"allow":["GET"]}}],"collection":[{"href":"https:\/\/eldiariodesanpedro.com.ar\/sitio\/wp-json\/wp\/v2\/posts"}],"about":[{"href":"https:\/\/eldiariodesanpedro.com.ar\/sitio\/wp-json\/wp\/v2\/types\/post"}],"author":[{"embeddable":true,"href":"https:\/\/eldiariodesanpedro.com.ar\/sitio\/wp-json\/wp\/v2\/users\/4"}],"replies":[{"embeddable":true,"href":"https:\/\/eldiariodesanpedro.com.ar\/sitio\/wp-json\/wp\/v2\/comments?post=4666"}],"version-history":[{"count":1,"href":"https:\/\/eldiariodesanpedro.com.ar\/sitio\/wp-json\/wp\/v2\/posts\/4666\/revisions"}],"predecessor-version":[{"id":4668,"href":"https:\/\/eldiariodesanpedro.com.ar\/sitio\/wp-json\/wp\/v2\/posts\/4666\/revisions\/4668"}],"wp:featuredmedia":[{"embeddable":true,"href":"https:\/\/eldiariodesanpedro.com.ar\/sitio\/wp-json\/wp\/v2\/media\/4667"}],"wp:attachment":[{"href":"https:\/\/eldiariodesanpedro.com.ar\/sitio\/wp-json\/wp\/v2\/media?parent=4666"}],"wp:term":[{"taxonomy":"category","embeddable":true,"href":"https:\/\/eldiariodesanpedro.com.ar\/sitio\/wp-json\/wp\/v2\/categories?post=4666"},{"taxonomy":"post_tag","embeddable":true,"href":"https:\/\/eldiariodesanpedro.com.ar\/sitio\/wp-json\/wp\/v2\/tags?post=4666"}],"curies":[{"name":"wp","href":"https:\/\/api.w.org\/{rel}","templated":true}]}}