{"id":46640,"date":"2019-01-28T09:53:40","date_gmt":"2019-01-28T12:53:40","guid":{"rendered":"https:\/\/eldiariodesanpedro.com.ar\/sitio\/?p=46640"},"modified":"2019-01-28T09:53:48","modified_gmt":"2019-01-28T12:53:48","slug":"baradero-incendio-y-destruccion-total-de-una-vivienda","status":"publish","type":"post","link":"https:\/\/eldiariodesanpedro.com.ar\/sitio\/baradero-incendio-y-destruccion-total-de-una-vivienda\/","title":{"rendered":"BARADERO: Incendio y destrucci\u00f3n total de una vivienda"},"content":{"rendered":"<!-- VideographyWP Plugin Message: Automatic video embedding prevented by plugin options. -->\n\n<p>El siniestro se produjo en la noche de \u00e9ste s\u00e1bado en una casa ubicada en S\u00e1nchez Loria y Acevedo. Los Bomberos acudieron al lugar con dos dotaciones. De la vivienda, no qued\u00f3 nada. Jorge, es el padre de quien habitaba en el lugar y habl\u00f3 en una nota para LS2 RADIO 96.9<\/p>\n\n\n\n<p>Los vecinos dieron aviso a Bomberos Voluntarios pasadas las 22 de \u00e9ste s\u00e1bado que se estaba desatando un incendio en una casa situada detr\u00e1s de otra en S\u00e1nchez Loria y Acevedo.<\/p>\n\n\n\n<p>Los habitantes de la misma, que no se encontraban al momento del hecho en el lugar, son un matrimonio y un beb\u00e9 de 9 meses de vida.<\/p>\n\n\n\n<p>Entre las p\u00e9rdidas sufridas adem\u00e1s de todo lo material, tambi\u00e9n lamentablemente por la falta de ox\u00edgeno se muri\u00f3 un loro que conviv\u00eda como mascota de la familia.<\/p>\n\n\n\n<p>Fuente: <a href=\"http:\/\/www.baraderohoy.com\">Baradero Hoy<\/a><\/p>\n","protected":false},"excerpt":{"rendered":"<p>El siniestro se produjo en la noche de \u00e9ste s\u00e1bado en una casa ubicada en S\u00e1nchez Loria y Acevedo. Los Bomberos acudieron al lugar con dos dotaciones. De la vivienda, no qued\u00f3 nada. Jorge, es el padre de quien habitaba en el lugar y habl\u00f3 en una nota para LS2 RADIO 96.9 Los vecinos dieron [&hellip;]<\/p>\n","protected":false},"author":4,"featured_media":46641,"comment_status":"open","ping_status":"closed","sticky":false,"template":"","format":"standard","meta":{"om_disable_all_campaigns":false,"_jetpack_memberships_contains_paid_content":false,"footnotes":""},"categories":[621],"tags":[],"class_list":["post-46640","post","type-post","status-publish","format-standard","has-post-thumbnail","hentry","category-regionales"],"aioseo_notices":[],"gutentor_comment":0,"jetpack_featured_media_url":"https:\/\/eldiariodesanpedro.com.ar\/sitio\/wp-content\/uploads\/2019\/01\/WhatsApp-Image-2019-01-27-at-1.08.28-AM-2.jpeg","jetpack_shortlink":"https:\/\/wp.me\/p6RhLt-c8g","jetpack_sharing_enabled":true,"_links":{"self":[{"href":"https:\/\/eldiariodesanpedro.com.ar\/sitio\/wp-json\/wp\/v2\/posts\/46640","targetHints":{"allow":["GET"]}}],"collection":[{"href":"https:\/\/eldiariodesanpedro.com.ar\/sitio\/wp-json\/wp\/v2\/posts"}],"about":[{"href":"https:\/\/eldiariodesanpedro.com.ar\/sitio\/wp-json\/wp\/v2\/types\/post"}],"author":[{"embeddable":true,"href":"https:\/\/eldiariodesanpedro.com.ar\/sitio\/wp-json\/wp\/v2\/users\/4"}],"replies":[{"embeddable":true,"href":"https:\/\/eldiariodesanpedro.com.ar\/sitio\/wp-json\/wp\/v2\/comments?post=46640"}],"version-history":[{"count":1,"href":"https:\/\/eldiariodesanpedro.com.ar\/sitio\/wp-json\/wp\/v2\/posts\/46640\/revisions"}],"predecessor-version":[{"id":46642,"href":"https:\/\/eldiariodesanpedro.com.ar\/sitio\/wp-json\/wp\/v2\/posts\/46640\/revisions\/46642"}],"wp:featuredmedia":[{"embeddable":true,"href":"https:\/\/eldiariodesanpedro.com.ar\/sitio\/wp-json\/wp\/v2\/media\/46641"}],"wp:attachment":[{"href":"https:\/\/eldiariodesanpedro.com.ar\/sitio\/wp-json\/wp\/v2\/media?parent=46640"}],"wp:term":[{"taxonomy":"category","embeddable":true,"href":"https:\/\/eldiariodesanpedro.com.ar\/sitio\/wp-json\/wp\/v2\/categories?post=46640"},{"taxonomy":"post_tag","embeddable":true,"href":"https:\/\/eldiariodesanpedro.com.ar\/sitio\/wp-json\/wp\/v2\/tags?post=46640"}],"curies":[{"name":"wp","href":"https:\/\/api.w.org\/{rel}","templated":true}]}}