{"id":46637,"date":"2019-01-28T09:51:31","date_gmt":"2019-01-28T12:51:31","guid":{"rendered":"https:\/\/eldiariodesanpedro.com.ar\/sitio\/?p=46637"},"modified":"2019-01-28T09:51:41","modified_gmt":"2019-01-28T12:51:41","slug":"san-nicolas-en-lo-que-va-del-ano-se-realizaron-28-allanamientos-en-la-zona-norte","status":"publish","type":"post","link":"https:\/\/eldiariodesanpedro.com.ar\/sitio\/san-nicolas-en-lo-que-va-del-ano-se-realizaron-28-allanamientos-en-la-zona-norte\/","title":{"rendered":"SAN NICOL\u00c1S: En lo que va del a\u00f1o se realizaron 28 allanamientos en la zona norte"},"content":{"rendered":"<!-- VideographyWP Plugin Message: Automatic video embedding prevented by plugin options. -->\n\n<p>El 2019 no arranc\u00f3 nada tranquilo para las fuerzas policiales y los vecinos de zona norte, especialmente de los barrios Las Mellizas, Parque Norte y Moreno. Enfrentamientos entre bandas de j\u00f3venes, que armados se balean los frentes de sus viviendas a toda hora, peleas por viejas rencillas y la venta de marihuana convierten a esta delicada regi\u00f3n de la ciudad en un polvor\u00edn, lo que requiere un intenso trabajo de las fuerzas policiales.Por lo que pudo saber nuestro medio, fue a partir de que varios integrantes de familias conflictivas recuperaron la libertad que se desataron viejas revanchas y ajustes de cuentas.<\/p>\n\n\n\n<p>En lo que va del a\u00f1o ya se realizaron 28 allanamientos en estos tres barrios denominados calientes, siendo que 24 de ellos dieron resultado positivo. Se secuestraron 14 armas, 382 municiones y 12 kilos de marihuana en total, lo que da una muestra clara de cu\u00e1l es la situaci\u00f3n en estos barrios. A\u00fan as\u00ed, de alguna manera los delincuentes, en su mayor\u00eda j\u00f3venes, se las apa\u00f1an para conseguir volver a armarse y los enfrentamientos se repiten. En la mayor\u00eda de los casos las diferencias tienen que ver con la venta de estupefacientes y las luchas por los territorios en los que se maneja la venta al menudeo.<\/p>\n\n\n\n<p><strong>Baleados<\/strong><\/p>\n\n\n\n<p>La semana pasada hubo momentos de mucha tensi\u00f3n, y como consecuencia, a\u00fan se encuentra internado de gravedad Cristian Moreno (29), quien a poco de haber recuperado su libertad, ya que se encontraba alojado en la Unidad Penal de Jun\u00edn cumpliendo una condena, fue acribillado a balazos en calle Chiclana, entre Las Palmas y Otero, de barrio Suizo. Moreno se encuentra internado en el hospital San Felipe donde fue intervenido quir\u00fargicamente, presentando una herida en la pierna y otra en el t\u00f3rax que ponen en riesgo su vida.<br>EL NORTE pudo saber, seg\u00fan trascendidos, que el ataque se tratar\u00eda de un ajuste de cuentas y que sus agresores estaban esperando que Moreno saliera de la c\u00e1rcel para intentar matarlo, pero todo esto es motivo de investigaci\u00f3n.<\/p>\n\n\n\n<p><strong>Enfrentamientos<\/strong><\/p>\n\n\n\n<p>Recordemos tambi\u00e9n que la semana anterior dos familias antag\u00f3nicas de la zona se enfrentaron. Se repitieron las peleas, la amenazas con armas de fuego, y en esa ocasi\u00f3n el destrozo de una vivienda. Todo comenz\u00f3 cuando hubo una pelea, y, aproximadamente unas diez personas, agredieron a un joven quien result\u00f3 lesionado y termin\u00f3 en el hospital. Adem\u00e1s de golpearlo al chico lo amenazaron de muerte con armas de fuego.<br>Este episodio fue la gota que rebals\u00f3 el vaso y estas familias, que ya hace mucho tiempo vienen encontradas en el barrio, se volvieron a enfrentar.<br>Hubo una gran trifulca y se destroz\u00f3 la vivienda uno de los involucrados. Fue tal el revuelo que numerosos vecinos salieron a la calle y exigieron que una de las familias (los Franco) se vayan del barrio. Se hicieron presentes numerosos m\u00f3viles para evitar un desenlace tr\u00e1gico similar al ocurrido el a\u00f1o pasado, donde murieron un joven y un agente policial. A la par de todos estos incidentes, en los que hab\u00eda enfrentamientos espor\u00e1dicos, sinti\u00e9ndose durante la tarde detonaciones de armas de fuego que, por suerte, en este caso no hubo lesionados pero s\u00ed da\u00f1os materiales, en la Comisar\u00eda Tercera parte de las familias que fueron a hacer la denuncia volvieron a encontrase y a agredirse, tanto en forma verbal como lanz\u00e1ndose piedras.<\/p>\n\n\n\n<p>Por lo que se pudo saber, aparentemente el problema vendr\u00eda por la venta de drogas. La polic\u00eda logr\u00f3 calmar la situaci\u00f3n con doce patrulleros que intervinieron. Ya por la tarde la gente se fue de la casa que se encontraba destruida. A la noche y durante la semana se realizaron allanamientos donde se logr\u00f3 el secuestro de armas, plantas de marihuana y la aprehensi\u00f3n de varios de los involucrados en los tiroteos. <\/p>\n","protected":false},"excerpt":{"rendered":"<p>El 2019 no arranc\u00f3 nada tranquilo para las fuerzas policiales y los vecinos de zona norte, especialmente de los barrios Las Mellizas, Parque Norte y Moreno. Enfrentamientos entre bandas de j\u00f3venes, que armados se balean los frentes de sus viviendas a toda hora, peleas por viejas rencillas y la venta de marihuana convierten a esta [&hellip;]<\/p>\n","protected":false},"author":4,"featured_media":46638,"comment_status":"open","ping_status":"closed","sticky":false,"template":"","format":"standard","meta":{"om_disable_all_campaigns":false,"_jetpack_memberships_contains_paid_content":false,"footnotes":""},"categories":[621],"tags":[],"class_list":["post-46637","post","type-post","status-publish","format-standard","has-post-thumbnail","hentry","category-regionales"],"aioseo_notices":[],"gutentor_comment":0,"jetpack_featured_media_url":"https:\/\/eldiariodesanpedro.com.ar\/sitio\/wp-content\/uploads\/2019\/01\/0-7.jpg","jetpack_shortlink":"https:\/\/wp.me\/p6RhLt-c8d","jetpack_sharing_enabled":true,"_links":{"self":[{"href":"https:\/\/eldiariodesanpedro.com.ar\/sitio\/wp-json\/wp\/v2\/posts\/46637","targetHints":{"allow":["GET"]}}],"collection":[{"href":"https:\/\/eldiariodesanpedro.com.ar\/sitio\/wp-json\/wp\/v2\/posts"}],"about":[{"href":"https:\/\/eldiariodesanpedro.com.ar\/sitio\/wp-json\/wp\/v2\/types\/post"}],"author":[{"embeddable":true,"href":"https:\/\/eldiariodesanpedro.com.ar\/sitio\/wp-json\/wp\/v2\/users\/4"}],"replies":[{"embeddable":true,"href":"https:\/\/eldiariodesanpedro.com.ar\/sitio\/wp-json\/wp\/v2\/comments?post=46637"}],"version-history":[{"count":1,"href":"https:\/\/eldiariodesanpedro.com.ar\/sitio\/wp-json\/wp\/v2\/posts\/46637\/revisions"}],"predecessor-version":[{"id":46639,"href":"https:\/\/eldiariodesanpedro.com.ar\/sitio\/wp-json\/wp\/v2\/posts\/46637\/revisions\/46639"}],"wp:featuredmedia":[{"embeddable":true,"href":"https:\/\/eldiariodesanpedro.com.ar\/sitio\/wp-json\/wp\/v2\/media\/46638"}],"wp:attachment":[{"href":"https:\/\/eldiariodesanpedro.com.ar\/sitio\/wp-json\/wp\/v2\/media?parent=46637"}],"wp:term":[{"taxonomy":"category","embeddable":true,"href":"https:\/\/eldiariodesanpedro.com.ar\/sitio\/wp-json\/wp\/v2\/categories?post=46637"},{"taxonomy":"post_tag","embeddable":true,"href":"https:\/\/eldiariodesanpedro.com.ar\/sitio\/wp-json\/wp\/v2\/tags?post=46637"}],"curies":[{"name":"wp","href":"https:\/\/api.w.org\/{rel}","templated":true}]}}