{"id":46631,"date":"2019-01-28T09:46:58","date_gmt":"2019-01-28T12:46:58","guid":{"rendered":"https:\/\/eldiariodesanpedro.com.ar\/sitio\/?p=46631"},"modified":"2019-01-28T09:47:07","modified_gmt":"2019-01-28T12:47:07","slug":"san-nicolas-se-incendio-una-oficina-en-el-palacio-municipal","status":"publish","type":"post","link":"https:\/\/eldiariodesanpedro.com.ar\/sitio\/san-nicolas-se-incendio-una-oficina-en-el-palacio-municipal\/","title":{"rendered":"SAN NICOL\u00c1S: Se incendi\u00f3 una oficina en el Palacio Municipal"},"content":{"rendered":"<!-- VideographyWP Plugin Message: Automatic video embedding prevented by plugin options. -->\n\n<p>La Municipalidad de San Nicol\u00e1s informa a toda la comunidad que en la madrugada de hoy hubo un principio de incendio en una de las alas del Palacio Municipal.<\/p>\n\n\n\n<p>Por tal motivo, la atenci\u00f3n municipal se encuentra reducida, tanto en el CeMAC, como en el Centro \u00danico de Atenci\u00f3n Ciudadana 147 ya que el servidor del sistema sali\u00f3 de servicio.<\/p>\n\n\n\n<p>Afortunadamente, hubo s\u00f3lo p\u00e9rdidas materiales y en este momento las fuerzas de seguridad est\u00e1n trabajando en el lugar.&nbsp;<\/p>\n\n\n\n<p>Piden a los vecinos que sepan disculpar las molestias ocasionadas. <\/p>\n\n\n\n<p>Fuente: Diario El Informante<\/p>\n","protected":false},"excerpt":{"rendered":"<p>La Municipalidad de San Nicol\u00e1s informa a toda la comunidad que en la madrugada de hoy hubo un principio de incendio en una de las alas del Palacio Municipal. Por tal motivo, la atenci\u00f3n municipal se encuentra reducida, tanto en el CeMAC, como en el Centro \u00danico de Atenci\u00f3n Ciudadana 147 ya que el servidor [&hellip;]<\/p>\n","protected":false},"author":4,"featured_media":46632,"comment_status":"open","ping_status":"closed","sticky":false,"template":"","format":"standard","meta":{"om_disable_all_campaigns":false,"_jetpack_memberships_contains_paid_content":false,"footnotes":""},"categories":[621],"tags":[],"class_list":["post-46631","post","type-post","status-publish","format-standard","has-post-thumbnail","hentry","category-regionales"],"aioseo_notices":[],"gutentor_comment":0,"jetpack_featured_media_url":"https:\/\/eldiariodesanpedro.com.ar\/sitio\/wp-content\/uploads\/2019\/01\/no_127oy85x4zaaqhcincen.jpg","jetpack_shortlink":"https:\/\/wp.me\/p6RhLt-c87","jetpack_sharing_enabled":true,"_links":{"self":[{"href":"https:\/\/eldiariodesanpedro.com.ar\/sitio\/wp-json\/wp\/v2\/posts\/46631","targetHints":{"allow":["GET"]}}],"collection":[{"href":"https:\/\/eldiariodesanpedro.com.ar\/sitio\/wp-json\/wp\/v2\/posts"}],"about":[{"href":"https:\/\/eldiariodesanpedro.com.ar\/sitio\/wp-json\/wp\/v2\/types\/post"}],"author":[{"embeddable":true,"href":"https:\/\/eldiariodesanpedro.com.ar\/sitio\/wp-json\/wp\/v2\/users\/4"}],"replies":[{"embeddable":true,"href":"https:\/\/eldiariodesanpedro.com.ar\/sitio\/wp-json\/wp\/v2\/comments?post=46631"}],"version-history":[{"count":1,"href":"https:\/\/eldiariodesanpedro.com.ar\/sitio\/wp-json\/wp\/v2\/posts\/46631\/revisions"}],"predecessor-version":[{"id":46633,"href":"https:\/\/eldiariodesanpedro.com.ar\/sitio\/wp-json\/wp\/v2\/posts\/46631\/revisions\/46633"}],"wp:featuredmedia":[{"embeddable":true,"href":"https:\/\/eldiariodesanpedro.com.ar\/sitio\/wp-json\/wp\/v2\/media\/46632"}],"wp:attachment":[{"href":"https:\/\/eldiariodesanpedro.com.ar\/sitio\/wp-json\/wp\/v2\/media?parent=46631"}],"wp:term":[{"taxonomy":"category","embeddable":true,"href":"https:\/\/eldiariodesanpedro.com.ar\/sitio\/wp-json\/wp\/v2\/categories?post=46631"},{"taxonomy":"post_tag","embeddable":true,"href":"https:\/\/eldiariodesanpedro.com.ar\/sitio\/wp-json\/wp\/v2\/tags?post=46631"}],"curies":[{"name":"wp","href":"https:\/\/api.w.org\/{rel}","templated":true}]}}