{"id":4663,"date":"2016-05-23T18:46:02","date_gmt":"2016-05-23T21:46:02","guid":{"rendered":"https:\/\/eldiariodesanpedro.com.ar\/sitio\/?p=4663"},"modified":"2016-05-23T18:46:02","modified_gmt":"2016-05-23T21:46:02","slug":"el-ministro-de-produccion-ciencia-y-tecnologia-visito-san-pedro","status":"publish","type":"post","link":"https:\/\/eldiariodesanpedro.com.ar\/sitio\/el-ministro-de-produccion-ciencia-y-tecnologia-visito-san-pedro\/","title":{"rendered":"El ministro de Producci\u00f3n, Ciencia y Tecnolog\u00eda visit\u00f3 San Pedro"},"content":{"rendered":"<p><!-- VideographyWP Plugin Message: Automatic video embedding prevented by plugin options. --><br \/>\nEl ministro Elustondo estuvo este fin de semana en San Pedro junto con el intendente Salazar y el prosecretario del Senado provincial, Germ\u00e1n L\u00f3pez.<br \/>\nA trav\u00e9s de su cuenta de Facebook, el funcionario expres\u00f3: \u201cRecorrimos junto al prosecretario del Senado Pcial., Germ\u00e1n L\u00f3pez, algunas empresas de la localidad de San Pedro. Visitamos una importante empresa arenera y el \u00e1rea vinculada al Puerto junto al presidente del Consorcio. Conversamos sobre el gran potencial para eventuales desarrollos que trabajaremos con el equipo del Ministerio para incentivar la actividad tur\u00edstica y productiva de San Pedro\u201d.<br \/>\n\u201cTambi\u00e9n estuvimos en una empresa frut\u00edcola exportadora y conversamos con el intendente Cecilio Salazar y el secretario de Gobierno, Silvio Corti, sobre las necesidades e inquietudes de la zona en cuanto a miner\u00eda, actividades portuarias, turismo y comercio\u201d, asegur\u00f3.<\/p>\n","protected":false},"excerpt":{"rendered":"<p>El ministro Elustondo estuvo este fin de semana en San Pedro junto con el intendente Salazar y el prosecretario del Senado provincial, Germ\u00e1n L\u00f3pez. A trav\u00e9s de su cuenta de Facebook, el funcionario expres\u00f3: \u201cRecorrimos junto al prosecretario del Senado Pcial., Germ\u00e1n L\u00f3pez, algunas empresas de la localidad de San Pedro. Visitamos una importante empresa [&hellip;]<\/p>\n","protected":false},"author":4,"featured_media":4664,"comment_status":"open","ping_status":"closed","sticky":false,"template":"","format":"standard","meta":{"om_disable_all_campaigns":false,"_jetpack_memberships_contains_paid_content":false,"footnotes":""},"categories":[50,2,102],"tags":[],"class_list":["post-4663","post","type-post","status-publish","format-standard","has-post-thumbnail","hentry","category-destacadas","category-locales","category-politica-locales"],"aioseo_notices":[],"gutentor_comment":0,"jetpack_featured_media_url":"https:\/\/eldiariodesanpedro.com.ar\/sitio\/wp-content\/uploads\/2016\/05\/PAGINA-4-11.jpg","jetpack_shortlink":"https:\/\/wp.me\/p6RhLt-1dd","jetpack_sharing_enabled":true,"_links":{"self":[{"href":"https:\/\/eldiariodesanpedro.com.ar\/sitio\/wp-json\/wp\/v2\/posts\/4663","targetHints":{"allow":["GET"]}}],"collection":[{"href":"https:\/\/eldiariodesanpedro.com.ar\/sitio\/wp-json\/wp\/v2\/posts"}],"about":[{"href":"https:\/\/eldiariodesanpedro.com.ar\/sitio\/wp-json\/wp\/v2\/types\/post"}],"author":[{"embeddable":true,"href":"https:\/\/eldiariodesanpedro.com.ar\/sitio\/wp-json\/wp\/v2\/users\/4"}],"replies":[{"embeddable":true,"href":"https:\/\/eldiariodesanpedro.com.ar\/sitio\/wp-json\/wp\/v2\/comments?post=4663"}],"version-history":[{"count":1,"href":"https:\/\/eldiariodesanpedro.com.ar\/sitio\/wp-json\/wp\/v2\/posts\/4663\/revisions"}],"predecessor-version":[{"id":4665,"href":"https:\/\/eldiariodesanpedro.com.ar\/sitio\/wp-json\/wp\/v2\/posts\/4663\/revisions\/4665"}],"wp:featuredmedia":[{"embeddable":true,"href":"https:\/\/eldiariodesanpedro.com.ar\/sitio\/wp-json\/wp\/v2\/media\/4664"}],"wp:attachment":[{"href":"https:\/\/eldiariodesanpedro.com.ar\/sitio\/wp-json\/wp\/v2\/media?parent=4663"}],"wp:term":[{"taxonomy":"category","embeddable":true,"href":"https:\/\/eldiariodesanpedro.com.ar\/sitio\/wp-json\/wp\/v2\/categories?post=4663"},{"taxonomy":"post_tag","embeddable":true,"href":"https:\/\/eldiariodesanpedro.com.ar\/sitio\/wp-json\/wp\/v2\/tags?post=4663"}],"curies":[{"name":"wp","href":"https:\/\/api.w.org\/{rel}","templated":true}]}}