{"id":46621,"date":"2019-01-28T09:26:14","date_gmt":"2019-01-28T12:26:14","guid":{"rendered":"https:\/\/eldiariodesanpedro.com.ar\/sitio\/?p=46621"},"modified":"2019-01-28T09:26:22","modified_gmt":"2019-01-28T12:26:22","slug":"el-control-de-alcoholemia-le-dio-positivo-y-se-resistio-a-los-efectivos","status":"publish","type":"post","link":"https:\/\/eldiariodesanpedro.com.ar\/sitio\/el-control-de-alcoholemia-le-dio-positivo-y-se-resistio-a-los-efectivos\/","title":{"rendered":"El control de alcoholemia le dio positivo y se resisti\u00f3 a los efectivos"},"content":{"rendered":"<!-- VideographyWP Plugin Message: Automatic video embedding prevented by plugin options. -->\n\n<p>Sucedi\u00f3 en la madrugada del domingo, en intersecci\u00f3n de las calles Mitre y Las Heras, el hombre mayor de edad se negaba a entregar el veh\u00edculo.<\/p>\n\n\n\n<p>Tras operativo realizado por inspecci\u00f3n municipal, se procedi\u00f3 a detener un veh\u00edculo quien al realizarle el control de alcoholemia al conductor, da como resultado positivo.<\/p>\n\n\n\n<p>El sujeto se niega a dejar el rodado y toma intervenci\u00f3n personal policial al ver el estado agresivo con el cual se resist\u00eda a la infracci\u00f3n.<\/p>\n\n\n\n<p>Fue aprehendido y alojado en la sede policial, el auto fue secuestrado a la espera del Juzgado de Falta.<\/p>\n\n\n\n<p><br><\/p>\n","protected":false},"excerpt":{"rendered":"<p>Sucedi\u00f3 en la madrugada del domingo, en intersecci\u00f3n de las calles Mitre y Las Heras, el hombre mayor de edad se negaba a entregar el veh\u00edculo. Tras operativo realizado por inspecci\u00f3n municipal, se procedi\u00f3 a detener un veh\u00edculo quien al realizarle el control de alcoholemia al conductor, da como resultado positivo. El sujeto se niega [&hellip;]<\/p>\n","protected":false},"author":4,"featured_media":46622,"comment_status":"open","ping_status":"closed","sticky":false,"template":"","format":"standard","meta":{"om_disable_all_campaigns":false,"_jetpack_memberships_contains_paid_content":false,"footnotes":""},"categories":[2,103],"tags":[],"class_list":["post-46621","post","type-post","status-publish","format-standard","has-post-thumbnail","hentry","category-locales","category-policiales-locales"],"aioseo_notices":[],"gutentor_comment":0,"jetpack_featured_media_url":"https:\/\/eldiariodesanpedro.com.ar\/sitio\/wp-content\/uploads\/2019\/01\/alcoholemia.jpg","jetpack_shortlink":"https:\/\/wp.me\/p6RhLt-c7X","jetpack_sharing_enabled":true,"_links":{"self":[{"href":"https:\/\/eldiariodesanpedro.com.ar\/sitio\/wp-json\/wp\/v2\/posts\/46621","targetHints":{"allow":["GET"]}}],"collection":[{"href":"https:\/\/eldiariodesanpedro.com.ar\/sitio\/wp-json\/wp\/v2\/posts"}],"about":[{"href":"https:\/\/eldiariodesanpedro.com.ar\/sitio\/wp-json\/wp\/v2\/types\/post"}],"author":[{"embeddable":true,"href":"https:\/\/eldiariodesanpedro.com.ar\/sitio\/wp-json\/wp\/v2\/users\/4"}],"replies":[{"embeddable":true,"href":"https:\/\/eldiariodesanpedro.com.ar\/sitio\/wp-json\/wp\/v2\/comments?post=46621"}],"version-history":[{"count":1,"href":"https:\/\/eldiariodesanpedro.com.ar\/sitio\/wp-json\/wp\/v2\/posts\/46621\/revisions"}],"predecessor-version":[{"id":46623,"href":"https:\/\/eldiariodesanpedro.com.ar\/sitio\/wp-json\/wp\/v2\/posts\/46621\/revisions\/46623"}],"wp:featuredmedia":[{"embeddable":true,"href":"https:\/\/eldiariodesanpedro.com.ar\/sitio\/wp-json\/wp\/v2\/media\/46622"}],"wp:attachment":[{"href":"https:\/\/eldiariodesanpedro.com.ar\/sitio\/wp-json\/wp\/v2\/media?parent=46621"}],"wp:term":[{"taxonomy":"category","embeddable":true,"href":"https:\/\/eldiariodesanpedro.com.ar\/sitio\/wp-json\/wp\/v2\/categories?post=46621"},{"taxonomy":"post_tag","embeddable":true,"href":"https:\/\/eldiariodesanpedro.com.ar\/sitio\/wp-json\/wp\/v2\/tags?post=46621"}],"curies":[{"name":"wp","href":"https:\/\/api.w.org\/{rel}","templated":true}]}}