{"id":46613,"date":"2019-01-27T14:45:34","date_gmt":"2019-01-27T17:45:34","guid":{"rendered":"https:\/\/eldiariodesanpedro.com.ar\/sitio\/?p=46613"},"modified":"2019-01-27T14:45:42","modified_gmt":"2019-01-27T17:45:42","slug":"san-nicolas-actividades-del-ciclo-de-verano-cultura-de-estacion","status":"publish","type":"post","link":"https:\/\/eldiariodesanpedro.com.ar\/sitio\/san-nicolas-actividades-del-ciclo-de-verano-cultura-de-estacion\/","title":{"rendered":"SAN NICOLAS: Actividades del ciclo de verano Cultura de Estaci\u00f3n"},"content":{"rendered":"<!-- VideographyWP Plugin Message: Automatic video embedding prevented by plugin options. -->\n\n<p>Por segundo a\u00f1o consecutivo, la cultura estar\u00e1 presente a trav\u00e9s de un nutrido programa de espect\u00e1culos, conciertos y propuestas culturales diversas que nos llevar\u00e1 por un recorrido con sus estaciones desde el viernes 25 de enero al lunes 4 de marzo.<\/p>\n\n\n\n<p> Se pone en marcha una nueva edici\u00f3n del Ciclo \u201cCultura de Estaci\u00f3n\u201d. Organizado por la Municipalidad de San Nicol\u00e1s, a trav\u00e9s de la Subsecretar\u00eda de Cultura, referentes de la cultura local, regional y nacional se dar\u00e1n cita en distintos puntos de nuestra ciudad para dar vida a uno de los m\u00e1s importantes encuentros con la diversidad art\u00edstica que profesan nuestros artistas.<\/p>\n\n\n\n<p> Con entrada libre y gratuita, a partir del viernes 25 de enero y hasta el lunes 4 de marzo, m\u00fasicos, cantantes, talleristas, feriantes, artesanos, productores, seminaristas, bailarines, artistas pl\u00e1sticos, poetas y escritores, formar\u00e1n parte de una programaci\u00f3n que contar\u00e1 con una variedad de propuestas, todas ellas de gran calidad y para todos los gustos.<\/p>\n\n\n\n<p>Los viernes en el centro<br> La apertura de este ciclo ser\u00e1 para el viernes 25 de enero en el casco c\u00e9ntrico de nuestra ciudad. All\u00ed se presentar\u00e1n las integrantes de \u201cVecina Canciones\u201d, quinteto de Buenos Aires especializado en shows urbanos. La previa estar\u00e1 a cargo del d\u00fao local compuesto por Jerem\u00edas y Romina, quienes traer\u00e1n un pu\u00f1ado de canciones con ritmo y color.<br> Los restantes viernes las propuestas ir\u00e1n variando de g\u00e9neros musicales, donde tendr\u00e1n como protagonistas centrales al jazz (\u201cJazz and blues for only one\u201d, \u201cFandango\u201d y la \u201cAll time jazz\u201d); el tango (clases abiertas de danza, junto a la presentaci\u00f3n de una una mini orquesta con cantante, y adem\u00e1s una pe\u00f1a tanguera); y el ritmo de las percusiones, entre otros, con la presentaci\u00f3n de Murga \u201cLa Cualquiera\u201d, Batucada \u201cRitmo do Salles\u201d y el show de \u201cA los Tamboree\u201d. Asimismo, habr\u00e1 un seminario itinerante de bombo leg\u00fcero, abierto a la participaci\u00f3n de todo aquel que venga con su instrumento.<\/p>\n\n\n\n<p> Cada una de las jornadas contar\u00e1 con la feria de artesanos en Plaza Mitre, foodtrucks y entretenimiento para los m\u00e1s chicos.<\/p>\n\n\n\n<p>Jueves con cervecer\u00edas y m\u00fasica en vivo<br> Los d\u00edas jueves, la actividad cultural nos reunir\u00e1 en la esquina de Teatro Municipal, epicentro de los que ser\u00e1n las jornadas de m\u00fasica en vivo junto a la cuadra cervecera, acompa\u00f1adas por algunas de las cervecer\u00edas locales que montar\u00e1n mesas comunitarias junto a las que ofrece el propio bar del teatro, para compartir un momento de buena m\u00fasica y gastronom\u00eda. Por el escenario, a lo largo de cada jueves, desfilar\u00e1n reconocidos artistas locales como \u201cUndercover\u201d, \u201cMirss\u201d, Jos\u00e9 Laur\u00eda junto a Estefan\u00eda Inzeo, Mart\u00edn Z y \u201cLa Chilena\u201d.<\/p>\n\n\n\n<p> S\u00e1bados en los museos municipales : Safaris fotogr\u00e1ficos &#8211; Pintura al aire libre<\/p>\n\n\n\n<p> Para los s\u00e1bados de febrero, las propuestas se concentrar\u00e1n en los museos. Por la ma\u00f1ana, y de manera gratuita, el Museo \u201cGregorio Santiago Chervo\u201d(Francia 187) llevar\u00e1 adelante el \u201cSafari fotogr\u00e1fico\u201d. El mismo est\u00e1 orientado para personas de todas las edades, debiendo traer para tal fin sus c\u00e1maras, tablets o celulares; en tanto que en el Museo \u201cCasa de Bogado\u201d(Francia 223), se organizar\u00e1 un grupo de pintura al aire libre, coordinado por la profesora Lidia Sancho. Quienes deseen participar deber\u00e1n traer sus materiales para pintar, dibujar, bocetar, hacer collage, etc. Esta actividad se realizar\u00e1 tambi\u00e9n los d\u00edas martes y jueves de 9.00 a 12.00 hs.<\/p>\n\n\n\n<p>Los domingos en Costanera Alta y Parque San Mart\u00edn<br> Los d\u00edas domingos, las actividades se centralizar\u00e1n en la Costanera Alta y el renovado Parque Gral. San Mart\u00edn. En la costanera, el domingo 27 de enero se realizar\u00e1 un pic nic nocturno junto a la m\u00fasica country, con la participaci\u00f3n de bandas como \u201cClearwater\u201d(reconocida como una de las mejores bandas tributo a Creedence\u201d); la previa estar\u00e1 a cargo de la banda local \u201cBoogy Rockers\u201dy \u201cHonky Tonk\u201d. Esta jornada se completar\u00e1 con la exposici\u00f3n de autos Chevrolet, el patio gastron\u00f3mico de foodtrucks y la feria de manualistas.<\/p>\n\n\n\n<p> El Anfiteatro Municipal vibrar\u00e1 el domingo 3 de febrero como en sus grandes noches, cuando se presente sobre el mismo un gran espect\u00e1culo de folclore que tendr\u00e1 como artista central a Arnoldo Valentini, \u201cEl Canoero\u201d, junto a un nutrido elenco de cantores, grupos y bailarines de San Nicol\u00e1s y la regi\u00f3n, en el marco de lo que ser\u00e1 una edici\u00f3n especial del Ciclo \u201cDanza y Salud\u201d, creaci\u00f3n del bailar\u00edn Omar Paez.<\/p>\n\n\n\n<p> En otras fechas, nuestro Anfiteatro tambi\u00e9n tendr\u00e1 la presencia del rock (\u201cCasi Libres\u201d, \u201cLos Coquis\u201d y \u201cLargo Viaje\u201d), como as\u00ed tambi\u00e9n espect\u00e1culos para los m\u00e1s chicos, en una variet\u00e9 familiar con circo, clown y entretenimientos. Espect\u00e1culos de salsa con \u201cMariano \u00c1vila y la Contraclave\u201d llegar\u00e1n desde la ciudad de Rosario para deleitarnos con su m\u00fasica, junto a la danza de \u201cBien Ch\u00e9vere\u201d.<\/p>\n\n\n\n<p>Feria \u201cSabores del mundo\u201d<br>\nDesde el viernes 22 al domingo 24 de febrero, la Plaza \u201c14 de Abril\u201d ser\u00e1 el epicentro donde habr\u00e1 de realizarse la Feria \u201cSabores del Mundo\u201d. Con m\u00e1s de 120 recetas t\u00edpicas, el objetivo de la misma es la difusi\u00f3n cultural a trav\u00e9s de las artesan\u00edas, los productos regionales de nuestro pa\u00eds y la cocina t\u00edpica aut\u00f3ctona y del mundo, a partir de una muestra itinerante de primer nivel. Cabe destacar que Feria \u201cSabores del Mundo\u201d contar\u00e1 con la presencia de 40 Stands de cocina tradicional, 130 stands de artesanos y el show de Jimena Monteverde.<\/p>\n\n\n\n<p>Actividades regulares<br> Como actividades regulares, los d\u00edas mi\u00e9rcoles a las 20.00 hs. el Taller de Tango \u201cTaconeando\u201d, coordinado por los Profesores Ernesto Arana y Liliana Ghiselli, har\u00e1 su milonga gratuita y abierta en el Anfiteatro del Parque Gral. San Mart\u00edn; en tanto que los domingos a las 20.00 hs. en plaza Sarmiento se presentar\u00e1 el ciclo participativo de \u201cDanza y Salud\u201d, coordinados por los Profesores Omar P\u00e1ez y Malina Barrang\u00fa.<\/p>\n\n\n\n<p> Asimismo, se informa que el taller de guitarra municipal, a cargo del Profesor Miguel Neiret, continuar\u00e1 brindando sus clases gratuitas hasta finales del mes de febrero. Para participar de las mismas deber\u00e1n dirigirse de lunes a viernes de 9.00 a 12.00 hs. en la Subsecretar\u00eda de Cultura (Maip\u00fa 10, plata alta), a fin de coordinar el horario semanal para cursar dichas clases.<\/p>\n\n\n\n<p> Finalmente los talleres municipales de telar y teatro est\u00e1n abocados \u00edntegramente al programa de \u201cAcci\u00f3n de Verano\u201den las instalaciones del Polideportivo Municipal de Barrio Garetto, como as\u00ed tambi\u00e9n en el CedyC de barrio Moreno y la delegaci\u00f3n de General Rojo.<\/p>\n\n\n\n<p>Cierre<br>\nEl cierre de \u201cCultura de Estaci\u00f3n\u201d ser\u00e1 para el fin de semana de carnaval. El viernes 1 de marzo y gracias al programa Festejar de la Secretar\u00eda de Cultura de Naci\u00f3n llega Memphis La Blusera al Parque San Mart\u00edn. El s\u00e1bado 2 y domingo 3 de febrero, habr\u00e1 proyecciones de cine al aire libre en la Costanera Alta; y el ciclo culminar\u00e1 el lunes 4 con la presentaci\u00f3n de Karina, la princesita, en San Nicol\u00e1s.<\/p>\n","protected":false},"excerpt":{"rendered":"<p>Por segundo a\u00f1o consecutivo, la cultura estar\u00e1 presente a trav\u00e9s de un nutrido programa de espect\u00e1culos, conciertos y propuestas culturales diversas que nos llevar\u00e1 por un recorrido con sus estaciones desde el viernes 25 de enero al lunes 4 de marzo. Se pone en marcha una nueva edici\u00f3n del Ciclo \u201cCultura de Estaci\u00f3n\u201d. Organizado por [&hellip;]<\/p>\n","protected":false},"author":4,"featured_media":46614,"comment_status":"open","ping_status":"closed","sticky":false,"template":"","format":"standard","meta":{"om_disable_all_campaigns":false,"_jetpack_memberships_contains_paid_content":false,"footnotes":""},"categories":[621],"tags":[],"class_list":["post-46613","post","type-post","status-publish","format-standard","has-post-thumbnail","hentry","category-regionales"],"aioseo_notices":[],"gutentor_comment":0,"jetpack_featured_media_url":"https:\/\/eldiariodesanpedro.com.ar\/sitio\/wp-content\/uploads\/2019\/01\/no_7au0wed8bmc6u5ncultura_de_estaci_n_2.jpg","jetpack_shortlink":"https:\/\/wp.me\/p6RhLt-c7P","jetpack_sharing_enabled":true,"_links":{"self":[{"href":"https:\/\/eldiariodesanpedro.com.ar\/sitio\/wp-json\/wp\/v2\/posts\/46613","targetHints":{"allow":["GET"]}}],"collection":[{"href":"https:\/\/eldiariodesanpedro.com.ar\/sitio\/wp-json\/wp\/v2\/posts"}],"about":[{"href":"https:\/\/eldiariodesanpedro.com.ar\/sitio\/wp-json\/wp\/v2\/types\/post"}],"author":[{"embeddable":true,"href":"https:\/\/eldiariodesanpedro.com.ar\/sitio\/wp-json\/wp\/v2\/users\/4"}],"replies":[{"embeddable":true,"href":"https:\/\/eldiariodesanpedro.com.ar\/sitio\/wp-json\/wp\/v2\/comments?post=46613"}],"version-history":[{"count":1,"href":"https:\/\/eldiariodesanpedro.com.ar\/sitio\/wp-json\/wp\/v2\/posts\/46613\/revisions"}],"predecessor-version":[{"id":46615,"href":"https:\/\/eldiariodesanpedro.com.ar\/sitio\/wp-json\/wp\/v2\/posts\/46613\/revisions\/46615"}],"wp:featuredmedia":[{"embeddable":true,"href":"https:\/\/eldiariodesanpedro.com.ar\/sitio\/wp-json\/wp\/v2\/media\/46614"}],"wp:attachment":[{"href":"https:\/\/eldiariodesanpedro.com.ar\/sitio\/wp-json\/wp\/v2\/media?parent=46613"}],"wp:term":[{"taxonomy":"category","embeddable":true,"href":"https:\/\/eldiariodesanpedro.com.ar\/sitio\/wp-json\/wp\/v2\/categories?post=46613"},{"taxonomy":"post_tag","embeddable":true,"href":"https:\/\/eldiariodesanpedro.com.ar\/sitio\/wp-json\/wp\/v2\/tags?post=46613"}],"curies":[{"name":"wp","href":"https:\/\/api.w.org\/{rel}","templated":true}]}}