{"id":4660,"date":"2016-05-23T18:45:02","date_gmt":"2016-05-23T21:45:02","guid":{"rendered":"https:\/\/eldiariodesanpedro.com.ar\/sitio\/?p=4660"},"modified":"2016-05-23T18:45:02","modified_gmt":"2016-05-23T21:45:02","slug":"monfasani-propuso-la-reforma-del-sistema-de-afiliacion-obligatoria-al-ioma","status":"publish","type":"post","link":"https:\/\/eldiariodesanpedro.com.ar\/sitio\/monfasani-propuso-la-reforma-del-sistema-de-afiliacion-obligatoria-al-ioma\/","title":{"rendered":"Monfasani propuso la reforma del sistema de afiliaci\u00f3n obligatoria al IOMA"},"content":{"rendered":"<p><!-- VideographyWP Plugin Message: Automatic video embedding prevented by plugin options. --><br \/>\nDesde la bancada del Frente Renovador en la C\u00e1mara de Diputados provincial presentaron un proyecto para que los trabajadores de la administraci\u00f3n p\u00fablica puedan disponer de la libre elecci\u00f3n de su obra social y, de este modo, compatibilizar con derechos y beneficios contemplados por la legislaci\u00f3n nacional.<br \/>\nLa modificaci\u00f3n que se plantea tiene como fin garantizar a los empleados p\u00fablicos, provinciales y municipales, en su car\u00e1cter de afiliados activos, el \u00abderecho de libre elecci\u00f3n\u201d de su obra social, de modo de compatibilizar con los derechos y beneficios consagrados en la legislaci\u00f3n vigente en el \u00e1mbito nacional\u00bb.<br \/>\nLa iniciativa pretende incorporar un articulado al texto de la vigente ley N\u00b0 6.323 que \u00abregula el Sistema Prestacional de Salud del IOMA\u00bb, asegurando a los afiliados activos comprendidos en el r\u00e9gimen prestacional obligatorio, el derecho de libre elecci\u00f3n de su obra social y\/o contrataci\u00f3n de prestatarios privados de servicios relacionados al cuidado de la salud, a trav\u00e9s de una decisi\u00f3n individual y escrita de quienes pretendan realizar la opci\u00f3n, regulado pormenorizadamente en el mismo texto legal, las condiciones y pautas de su ejercicio.<br \/>\nEntre los fundamentos del proyecto se resalta que \u00abla regulaci\u00f3n del ejercicio de libre elecci\u00f3n del sistema de seguro social en el \u00e1mbito de la provincia de Buenos Aires, se gesta no solo en una intenci\u00f3n de consagraci\u00f3n legal de nuevos derechos y garant\u00edas, sino tambi\u00e9n como una medida frente a la situaci\u00f3n de emergencia institucional y financiera que presenta hoy d\u00eda el Instituto de Obra M\u00e9dico Asistencial de la Provincia de Buenos Aires, particularmente acentuando en las deficiencias que padece su sistema prestacional\u00bb.<br \/>\nAl respecto, el legislador massista explic\u00f3 que \u00abel sistema provincial de salud se encuentra en emergencia y los agentes que lo integran presentan dificultades que repercuten en sus beneficiarios, tanto en la accesibilidad a los servicios de salud como en la calidad de las prestaciones que aquellos reciben\u00bb.<br \/>\nEn ese marco, hizo hincapi\u00e9 en \u00abla gravosa situaci\u00f3n institucional que atraviesa el IOMA, lo que irremediablemente nos obliga a idear desde la C\u00e1mara Baja bonaerense, medidas institucionales que permitan remediar los perjuicios ocasionados a los afiliados, evitando mayores da\u00f1os futuros, y desde el bloque Frente Renovador estamos convencidos que la consagraci\u00f3n del derecho de libre elecci\u00f3n de obra social se constituye en una de ellas, pues posibilitar\u00e1 a los beneficiarios del sistema instituido por ley 6.982 escapar a una condici\u00f3n de sujeci\u00f3n obligatoria en relaci\u00f3n a un organismo deficitario, que hoy d\u00eda se encuentra imposibilitado para funcionar plenamente\u00bb.<br \/>\nPara finalizar, Monfasani destac\u00f3 que \u00abcon la pretendida reforma se intenta generar una mayor competitividad entre las obras sociales en el \u00e1mbito de la provincia de Buenos Aires y, por tanto, un sistema competitivo dentro de un marco de genuina libertad para los beneficiarios\u00bb.<br \/>\n\u00abSin duda, estimamos que una p\u00e9rdida de beneficiarios, redundar\u00e1 en ineficiencia en la prestaci\u00f3n de los servicios, obligando a sus responsables a modificar las pol\u00edticas y prestaciones de servicios para la captaci\u00f3n de afiliados\u00bb, concluy\u00f3. <\/p>\n","protected":false},"excerpt":{"rendered":"<p>Desde la bancada del Frente Renovador en la C\u00e1mara de Diputados provincial presentaron un proyecto para que los trabajadores de la administraci\u00f3n p\u00fablica puedan disponer de la libre elecci\u00f3n de su obra social y, de este modo, compatibilizar con derechos y beneficios contemplados por la legislaci\u00f3n nacional. La modificaci\u00f3n que se plantea tiene como fin [&hellip;]<\/p>\n","protected":false},"author":4,"featured_media":4661,"comment_status":"open","ping_status":"closed","sticky":false,"template":"","format":"standard","meta":{"om_disable_all_campaigns":false,"_jetpack_memberships_contains_paid_content":false,"footnotes":""},"categories":[50,2,102],"tags":[],"class_list":["post-4660","post","type-post","status-publish","format-standard","has-post-thumbnail","hentry","category-destacadas","category-locales","category-politica-locales"],"aioseo_notices":[],"gutentor_comment":0,"jetpack_featured_media_url":"https:\/\/eldiariodesanpedro.com.ar\/sitio\/wp-content\/uploads\/2016\/05\/resize_1461722610.jpg","jetpack_shortlink":"https:\/\/wp.me\/p6RhLt-1da","jetpack_sharing_enabled":true,"_links":{"self":[{"href":"https:\/\/eldiariodesanpedro.com.ar\/sitio\/wp-json\/wp\/v2\/posts\/4660","targetHints":{"allow":["GET"]}}],"collection":[{"href":"https:\/\/eldiariodesanpedro.com.ar\/sitio\/wp-json\/wp\/v2\/posts"}],"about":[{"href":"https:\/\/eldiariodesanpedro.com.ar\/sitio\/wp-json\/wp\/v2\/types\/post"}],"author":[{"embeddable":true,"href":"https:\/\/eldiariodesanpedro.com.ar\/sitio\/wp-json\/wp\/v2\/users\/4"}],"replies":[{"embeddable":true,"href":"https:\/\/eldiariodesanpedro.com.ar\/sitio\/wp-json\/wp\/v2\/comments?post=4660"}],"version-history":[{"count":1,"href":"https:\/\/eldiariodesanpedro.com.ar\/sitio\/wp-json\/wp\/v2\/posts\/4660\/revisions"}],"predecessor-version":[{"id":4662,"href":"https:\/\/eldiariodesanpedro.com.ar\/sitio\/wp-json\/wp\/v2\/posts\/4660\/revisions\/4662"}],"wp:featuredmedia":[{"embeddable":true,"href":"https:\/\/eldiariodesanpedro.com.ar\/sitio\/wp-json\/wp\/v2\/media\/4661"}],"wp:attachment":[{"href":"https:\/\/eldiariodesanpedro.com.ar\/sitio\/wp-json\/wp\/v2\/media?parent=4660"}],"wp:term":[{"taxonomy":"category","embeddable":true,"href":"https:\/\/eldiariodesanpedro.com.ar\/sitio\/wp-json\/wp\/v2\/categories?post=4660"},{"taxonomy":"post_tag","embeddable":true,"href":"https:\/\/eldiariodesanpedro.com.ar\/sitio\/wp-json\/wp\/v2\/tags?post=4660"}],"curies":[{"name":"wp","href":"https:\/\/api.w.org\/{rel}","templated":true}]}}