{"id":4657,"date":"2016-05-23T18:27:51","date_gmt":"2016-05-23T21:27:51","guid":{"rendered":"https:\/\/eldiariodesanpedro.com.ar\/sitio\/?p=4657"},"modified":"2016-05-23T18:27:51","modified_gmt":"2016-05-23T21:27:51","slug":"llega-a-la-ciudad-un-nuevo-sindicato-para-encargados-de-edificios","status":"publish","type":"post","link":"https:\/\/eldiariodesanpedro.com.ar\/sitio\/llega-a-la-ciudad-un-nuevo-sindicato-para-encargados-de-edificios\/","title":{"rendered":"Llega a la ciudad un nuevo sindicato para encargados de edificios"},"content":{"rendered":"<p><!-- VideographyWP Plugin Message: Automatic video embedding prevented by plugin options. --><br \/>\nRepresentantes del Sindicato \u00danico de Trabajadores de Edificios de Renta y Horizontal llegaron a la ciudad para conformar una delegaci\u00f3n.<br \/>\nLa sede se encuentra en Campana y el 28 de este mes se realizar\u00e1n elecciones con una sola lista hasta el momento. Fabi\u00e1n Pereyra, candidato a Secretario General, manifest\u00f3 que la idea es regular la actividad<br \/>\nFabi\u00e1n Pereyra, candidato a Secretario General de Suterh (Z\u00e1rate-Campana) habl\u00f3 sobre la llegada del sindicato a San Pedro: \u201cLo que estamos buscando es la regularizaci\u00f3n del gremio, que tiene sede en Campana y tiene tambi\u00e9n a cargo las ciudades de Luj\u00e1n, Mercedes, San Pedro, Baradero y Z\u00e1rate\u201d.<br \/>\nY agreg\u00f3: \u201cVinimos a visitar ac\u00e1 a los afiliados para traerles beneficios\u201d y en ese sentido ejemplific\u00f3: estamos dictando cursos de formaci\u00f3n profesional que entra: plomer\u00eda b\u00e1sica, electricidad, cerrajer\u00eda, computaci\u00f3n, seguridad e higiene\u201d.<\/p>\n","protected":false},"excerpt":{"rendered":"<p>Representantes del Sindicato \u00danico de Trabajadores de Edificios de Renta y Horizontal llegaron a la ciudad para conformar una delegaci\u00f3n. La sede se encuentra en Campana y el 28 de este mes se realizar\u00e1n elecciones con una sola lista hasta el momento. Fabi\u00e1n Pereyra, candidato a Secretario General, manifest\u00f3 que la idea es regular la [&hellip;]<\/p>\n","protected":false},"author":4,"featured_media":4658,"comment_status":"open","ping_status":"closed","sticky":false,"template":"","format":"standard","meta":{"om_disable_all_campaigns":false,"_jetpack_memberships_contains_paid_content":false,"footnotes":""},"categories":[101,2],"tags":[],"class_list":["post-4657","post","type-post","status-publish","format-standard","has-post-thumbnail","hentry","category-interes-general-locales","category-locales"],"aioseo_notices":[],"gutentor_comment":0,"jetpack_featured_media_url":"https:\/\/eldiariodesanpedro.com.ar\/sitio\/wp-content\/uploads\/2016\/05\/50552_suterh.jpg","jetpack_shortlink":"https:\/\/wp.me\/p6RhLt-1d7","jetpack_sharing_enabled":true,"_links":{"self":[{"href":"https:\/\/eldiariodesanpedro.com.ar\/sitio\/wp-json\/wp\/v2\/posts\/4657","targetHints":{"allow":["GET"]}}],"collection":[{"href":"https:\/\/eldiariodesanpedro.com.ar\/sitio\/wp-json\/wp\/v2\/posts"}],"about":[{"href":"https:\/\/eldiariodesanpedro.com.ar\/sitio\/wp-json\/wp\/v2\/types\/post"}],"author":[{"embeddable":true,"href":"https:\/\/eldiariodesanpedro.com.ar\/sitio\/wp-json\/wp\/v2\/users\/4"}],"replies":[{"embeddable":true,"href":"https:\/\/eldiariodesanpedro.com.ar\/sitio\/wp-json\/wp\/v2\/comments?post=4657"}],"version-history":[{"count":1,"href":"https:\/\/eldiariodesanpedro.com.ar\/sitio\/wp-json\/wp\/v2\/posts\/4657\/revisions"}],"predecessor-version":[{"id":4659,"href":"https:\/\/eldiariodesanpedro.com.ar\/sitio\/wp-json\/wp\/v2\/posts\/4657\/revisions\/4659"}],"wp:featuredmedia":[{"embeddable":true,"href":"https:\/\/eldiariodesanpedro.com.ar\/sitio\/wp-json\/wp\/v2\/media\/4658"}],"wp:attachment":[{"href":"https:\/\/eldiariodesanpedro.com.ar\/sitio\/wp-json\/wp\/v2\/media?parent=4657"}],"wp:term":[{"taxonomy":"category","embeddable":true,"href":"https:\/\/eldiariodesanpedro.com.ar\/sitio\/wp-json\/wp\/v2\/categories?post=4657"},{"taxonomy":"post_tag","embeddable":true,"href":"https:\/\/eldiariodesanpedro.com.ar\/sitio\/wp-json\/wp\/v2\/tags?post=4657"}],"curies":[{"name":"wp","href":"https:\/\/api.w.org\/{rel}","templated":true}]}}