{"id":4654,"date":"2016-05-23T18:20:56","date_gmt":"2016-05-23T21:20:56","guid":{"rendered":"https:\/\/eldiariodesanpedro.com.ar\/sitio\/?p=4654"},"modified":"2016-05-23T18:20:56","modified_gmt":"2016-05-23T21:20:56","slug":"colocacion-de-tubos-en-calles-m-fierro-e-ituzaingo","status":"publish","type":"post","link":"https:\/\/eldiariodesanpedro.com.ar\/sitio\/colocacion-de-tubos-en-calles-m-fierro-e-ituzaingo\/","title":{"rendered":"Colocaci\u00f3n de tubos en calles M. Fierro e Ituzaing\u00f3"},"content":{"rendered":"<p><!-- VideographyWP Plugin Message: Automatic video embedding prevented by plugin options. --><br \/>\nEn la ma\u00f1ana de ayer, con una retroexcavadora, un tractor con acoplado y una cuadrilla perteneciente al Corral\u00f3n Municipal, se realiza la colocaci\u00f3n de los tubos para llevar a cabo el cruce de calle en la intersecci\u00f3n de M. Fierro e Ituzaing\u00f3.<br \/>\nEn tanto que por otro lado, la cartera municipal dio a conocer otras tareas que se llevan a cabo desde el \u00e1rea:<br \/>\nEn la Red Cloacal se trabaja en M. Iglesias al 2500, P. Simonino y B. Sampedrinas, Litoral al 2300, Cruz Roja al 2400, Pellegrini al 2700, Las Provincias y Lavalle.<br \/>\nEn cuanto a la Red de Agua se arregla en J. Hern\u00e1ndez y Frers, Chivilcoy al 1600, Irlanda y M. Reyna, J. Hern\u00e1ndez y Maino, Novillo y J. V. Gonz\u00e1lez. Personal recorre y controla las bombas distribuidas en la ciudad.<br \/>\nEn tanto que el Corral\u00f3n Municipal raliza varias acciones:<br \/>\nCon una retroexcavadora y un tractor se colocan tubos de alcantarillas en calle Uruguay e Irlanda.<br \/>\nCon una cuadrilla y una retroexcavadora se colocan tubos de alcantarillas en el Barrio Banfield.<br \/>\nCon una cuadrilla se hacen cunetas en el Barrio Los Aromos.<br \/>\nCon una motoniveladora se rastrea en calle Noseda.<br \/>\nCon un tractor con cespera se corta en banquinas de Ruta 1001.<br \/>\nCon un cami\u00f3n se traslada tosca a Gobernador Castro.<br \/>\nCon una retroexcavadora, una motoniveladora y un cami\u00f3n se trabaja en el acceso a Gobernador Castro.<br \/>\nCon una cuadrilla se bachea en camino Lucio Mansilla.<br \/>\nCon un cami\u00f3n se juntan ramas.<br \/>\nCon una cuadrilla se colocan tapas en calle Pellegrini.<br \/>\nCon una bomba se extrae agua en el Bajo Cementerio y con otra en el Barrio Am\u00e9rica.<br \/>\nCon un cami\u00f3n se lleva tosca al Barrio 291 Viviendas.<\/p>\n","protected":false},"excerpt":{"rendered":"<p>En la ma\u00f1ana de ayer, con una retroexcavadora, un tractor con acoplado y una cuadrilla perteneciente al Corral\u00f3n Municipal, se realiza la colocaci\u00f3n de los tubos para llevar a cabo el cruce de calle en la intersecci\u00f3n de M. Fierro e Ituzaing\u00f3. En tanto que por otro lado, la cartera municipal dio a conocer otras [&hellip;]<\/p>\n","protected":false},"author":4,"featured_media":4628,"comment_status":"open","ping_status":"closed","sticky":false,"template":"","format":"standard","meta":{"om_disable_all_campaigns":false,"_jetpack_memberships_contains_paid_content":false,"footnotes":""},"categories":[101,2],"tags":[],"class_list":["post-4654","post","type-post","status-publish","format-standard","has-post-thumbnail","hentry","category-interes-general-locales","category-locales"],"aioseo_notices":[],"gutentor_comment":0,"jetpack_featured_media_url":"https:\/\/eldiariodesanpedro.com.ar\/sitio\/wp-content\/uploads\/2016\/05\/IMG-20160523-WA0003.jpg","jetpack_shortlink":"https:\/\/wp.me\/p6RhLt-1d4","jetpack_sharing_enabled":true,"_links":{"self":[{"href":"https:\/\/eldiariodesanpedro.com.ar\/sitio\/wp-json\/wp\/v2\/posts\/4654","targetHints":{"allow":["GET"]}}],"collection":[{"href":"https:\/\/eldiariodesanpedro.com.ar\/sitio\/wp-json\/wp\/v2\/posts"}],"about":[{"href":"https:\/\/eldiariodesanpedro.com.ar\/sitio\/wp-json\/wp\/v2\/types\/post"}],"author":[{"embeddable":true,"href":"https:\/\/eldiariodesanpedro.com.ar\/sitio\/wp-json\/wp\/v2\/users\/4"}],"replies":[{"embeddable":true,"href":"https:\/\/eldiariodesanpedro.com.ar\/sitio\/wp-json\/wp\/v2\/comments?post=4654"}],"version-history":[{"count":1,"href":"https:\/\/eldiariodesanpedro.com.ar\/sitio\/wp-json\/wp\/v2\/posts\/4654\/revisions"}],"predecessor-version":[{"id":4656,"href":"https:\/\/eldiariodesanpedro.com.ar\/sitio\/wp-json\/wp\/v2\/posts\/4654\/revisions\/4656"}],"wp:featuredmedia":[{"embeddable":true,"href":"https:\/\/eldiariodesanpedro.com.ar\/sitio\/wp-json\/wp\/v2\/media\/4628"}],"wp:attachment":[{"href":"https:\/\/eldiariodesanpedro.com.ar\/sitio\/wp-json\/wp\/v2\/media?parent=4654"}],"wp:term":[{"taxonomy":"category","embeddable":true,"href":"https:\/\/eldiariodesanpedro.com.ar\/sitio\/wp-json\/wp\/v2\/categories?post=4654"},{"taxonomy":"post_tag","embeddable":true,"href":"https:\/\/eldiariodesanpedro.com.ar\/sitio\/wp-json\/wp\/v2\/tags?post=4654"}],"curies":[{"name":"wp","href":"https:\/\/api.w.org\/{rel}","templated":true}]}}