{"id":4651,"date":"2016-05-23T18:19:51","date_gmt":"2016-05-23T21:19:51","guid":{"rendered":"https:\/\/eldiariodesanpedro.com.ar\/sitio\/?p=4651"},"modified":"2016-05-23T18:19:51","modified_gmt":"2016-05-23T21:19:51","slug":"personal-de-la-guardia-general-comenzaron-una-capacitacion","status":"publish","type":"post","link":"https:\/\/eldiariodesanpedro.com.ar\/sitio\/personal-de-la-guardia-general-comenzaron-una-capacitacion\/","title":{"rendered":"Personal de la Guardia General comenzaron una capacitaci\u00f3n"},"content":{"rendered":"<p><!-- VideographyWP Plugin Message: Automatic video embedding prevented by plugin options. --><br \/>\nSe trat\u00f3 de una jornada de capacitaci\u00f3n dirigida al personal del servicio de guardia y dictada por distintos profesionales de la salud.<br \/>\nDurante el encuentro se trabaj\u00f3 sobre las normativas de funcionamiento del servicio en la asistencia de pacientes con patolog\u00eda de urgencia y emergencia.<br \/>\nSe trataron a su vez los protocolos de actuaci\u00f3n en cada patolog\u00eda.<br \/>\nParticipa todo el personal de guardia: m\u00e9dicos, enfermeras, telefonistas.<\/p>\n","protected":false},"excerpt":{"rendered":"<p>Se trat\u00f3 de una jornada de capacitaci\u00f3n dirigida al personal del servicio de guardia y dictada por distintos profesionales de la salud. Durante el encuentro se trabaj\u00f3 sobre las normativas de funcionamiento del servicio en la asistencia de pacientes con patolog\u00eda de urgencia y emergencia. Se trataron a su vez los protocolos de actuaci\u00f3n en [&hellip;]<\/p>\n","protected":false},"author":4,"featured_media":4652,"comment_status":"open","ping_status":"closed","sticky":false,"template":"","format":"standard","meta":{"om_disable_all_campaigns":false,"_jetpack_memberships_contains_paid_content":false,"footnotes":""},"categories":[101,2],"tags":[],"class_list":["post-4651","post","type-post","status-publish","format-standard","has-post-thumbnail","hentry","category-interes-general-locales","category-locales"],"aioseo_notices":[],"gutentor_comment":0,"jetpack_featured_media_url":"https:\/\/eldiariodesanpedro.com.ar\/sitio\/wp-content\/uploads\/2016\/05\/PAGINA-6-01-5.jpg","jetpack_shortlink":"https:\/\/wp.me\/p6RhLt-1d1","jetpack_sharing_enabled":true,"_links":{"self":[{"href":"https:\/\/eldiariodesanpedro.com.ar\/sitio\/wp-json\/wp\/v2\/posts\/4651","targetHints":{"allow":["GET"]}}],"collection":[{"href":"https:\/\/eldiariodesanpedro.com.ar\/sitio\/wp-json\/wp\/v2\/posts"}],"about":[{"href":"https:\/\/eldiariodesanpedro.com.ar\/sitio\/wp-json\/wp\/v2\/types\/post"}],"author":[{"embeddable":true,"href":"https:\/\/eldiariodesanpedro.com.ar\/sitio\/wp-json\/wp\/v2\/users\/4"}],"replies":[{"embeddable":true,"href":"https:\/\/eldiariodesanpedro.com.ar\/sitio\/wp-json\/wp\/v2\/comments?post=4651"}],"version-history":[{"count":1,"href":"https:\/\/eldiariodesanpedro.com.ar\/sitio\/wp-json\/wp\/v2\/posts\/4651\/revisions"}],"predecessor-version":[{"id":4653,"href":"https:\/\/eldiariodesanpedro.com.ar\/sitio\/wp-json\/wp\/v2\/posts\/4651\/revisions\/4653"}],"wp:featuredmedia":[{"embeddable":true,"href":"https:\/\/eldiariodesanpedro.com.ar\/sitio\/wp-json\/wp\/v2\/media\/4652"}],"wp:attachment":[{"href":"https:\/\/eldiariodesanpedro.com.ar\/sitio\/wp-json\/wp\/v2\/media?parent=4651"}],"wp:term":[{"taxonomy":"category","embeddable":true,"href":"https:\/\/eldiariodesanpedro.com.ar\/sitio\/wp-json\/wp\/v2\/categories?post=4651"},{"taxonomy":"post_tag","embeddable":true,"href":"https:\/\/eldiariodesanpedro.com.ar\/sitio\/wp-json\/wp\/v2\/tags?post=4651"}],"curies":[{"name":"wp","href":"https:\/\/api.w.org\/{rel}","templated":true}]}}