{"id":4647,"date":"2016-05-23T11:44:15","date_gmt":"2016-05-23T14:44:15","guid":{"rendered":"https:\/\/eldiariodesanpedro.com.ar\/sitio\/?p=4647"},"modified":"2016-05-23T11:44:15","modified_gmt":"2016-05-23T14:44:15","slug":"video-de-las-mecheras-robando-en-las-chichas","status":"publish","type":"post","link":"https:\/\/eldiariodesanpedro.com.ar\/sitio\/video-de-las-mecheras-robando-en-las-chichas\/","title":{"rendered":"Video de las mecheras robando en Las Chichas"},"content":{"rendered":"<p><!-- VideographyWP Plugin Message: Automatic video embedding prevented by plugin options. --><br \/>\nLucas Perosa hizo p\u00fablica a trav\u00e9s de su Facebook a los responsables de los robos tipo mecheras. \u201cAc\u00e1 les dejo las caras de los delincuentes que robaron en nuestro local en el d\u00eda de ayer por la noche\u2026 Estos mismos robaron en Mineral la semana pasada!!\u201d, asegur\u00f3.<\/p>\n<p>Cabe recordar que el s\u00e1bado personal de la Comisar\u00eda local y del GAD, aprehendieron a dos personas que hab\u00edan robado en Alcar. Seg\u00fan se pudo determinar que eran oriundas de Rosario y en su poder una calzas, quince pantalones, once remeras, un buzo y una bufanda que hab\u00eda robado del comercio localizado en 3 de Febrero y Pellegrini.<\/p>\n<div class=\"fb-video\" data-allowfullscreen=\"true\" data-href=\"https:\/\/www.facebook.com\/100006071115794\/videos\/1793321720880181\/\" style=\"background-color: #fff; display: inline-block;\"><\/div>\n","protected":false},"excerpt":{"rendered":"<p>Lucas Perosa hizo p\u00fablica a trav\u00e9s de su Facebook a los responsables de los robos tipo mecheras. \u201cAc\u00e1 les dejo las caras de los delincuentes que robaron en nuestro local en el d\u00eda de ayer por la noche\u2026 Estos mismos robaron en Mineral la semana pasada!!\u201d, asegur\u00f3. Cabe recordar que el s\u00e1bado personal de la [&hellip;]<\/p>\n","protected":false},"author":4,"featured_media":4648,"comment_status":"open","ping_status":"closed","sticky":false,"template":"","format":"standard","meta":{"om_disable_all_campaigns":false,"_jetpack_memberships_contains_paid_content":false,"footnotes":""},"categories":[50,2,103],"tags":[],"class_list":["post-4647","post","type-post","status-publish","format-standard","has-post-thumbnail","hentry","category-destacadas","category-locales","category-policiales-locales"],"aioseo_notices":[],"gutentor_comment":0,"jetpack_featured_media_url":"https:\/\/eldiariodesanpedro.com.ar\/sitio\/wp-content\/uploads\/2016\/05\/mecheras.jpg","jetpack_shortlink":"https:\/\/wp.me\/p6RhLt-1cX","jetpack_sharing_enabled":true,"_links":{"self":[{"href":"https:\/\/eldiariodesanpedro.com.ar\/sitio\/wp-json\/wp\/v2\/posts\/4647","targetHints":{"allow":["GET"]}}],"collection":[{"href":"https:\/\/eldiariodesanpedro.com.ar\/sitio\/wp-json\/wp\/v2\/posts"}],"about":[{"href":"https:\/\/eldiariodesanpedro.com.ar\/sitio\/wp-json\/wp\/v2\/types\/post"}],"author":[{"embeddable":true,"href":"https:\/\/eldiariodesanpedro.com.ar\/sitio\/wp-json\/wp\/v2\/users\/4"}],"replies":[{"embeddable":true,"href":"https:\/\/eldiariodesanpedro.com.ar\/sitio\/wp-json\/wp\/v2\/comments?post=4647"}],"version-history":[{"count":1,"href":"https:\/\/eldiariodesanpedro.com.ar\/sitio\/wp-json\/wp\/v2\/posts\/4647\/revisions"}],"predecessor-version":[{"id":4649,"href":"https:\/\/eldiariodesanpedro.com.ar\/sitio\/wp-json\/wp\/v2\/posts\/4647\/revisions\/4649"}],"wp:featuredmedia":[{"embeddable":true,"href":"https:\/\/eldiariodesanpedro.com.ar\/sitio\/wp-json\/wp\/v2\/media\/4648"}],"wp:attachment":[{"href":"https:\/\/eldiariodesanpedro.com.ar\/sitio\/wp-json\/wp\/v2\/media?parent=4647"}],"wp:term":[{"taxonomy":"category","embeddable":true,"href":"https:\/\/eldiariodesanpedro.com.ar\/sitio\/wp-json\/wp\/v2\/categories?post=4647"},{"taxonomy":"post_tag","embeddable":true,"href":"https:\/\/eldiariodesanpedro.com.ar\/sitio\/wp-json\/wp\/v2\/tags?post=4647"}],"curies":[{"name":"wp","href":"https:\/\/api.w.org\/{rel}","templated":true}]}}