{"id":4643,"date":"2016-05-23T11:33:58","date_gmt":"2016-05-23T14:33:58","guid":{"rendered":"https:\/\/eldiariodesanpedro.com.ar\/sitio\/?p=4643"},"modified":"2026-01-24T00:35:52","modified_gmt":"2026-01-24T03:35:52","slug":"4643-2","status":"publish","type":"post","link":"https:\/\/eldiariodesanpedro.com.ar\/sitio\/4643-2\/","title":{"rendered":"En el Giuliani segundo en el KDT. Los resultados de la actividad local."},"content":{"rendered":"<p><!-- VideographyWP Plugin Message: Automatic video embedding prevented by plugin options. --><br \/>\nEl circuito KDT de Palermo, alberg\u00f3 el Gran Premio 99 Aniversario del Club Ciclista Naci\u00f3n, 474 fueron los ciclistas que participaron en un domingo realmente hermoso para la practica de este apasionante deporte de las dos ruedas a pedal; El Sampedrino Carlos Giuliani continua familiarizado con el podio y en Master \u201cB\u201d, ocupo, esta vez, el segundo pelda\u00f1o.  Sergio Fredes de Ranchos se llev\u00f3 el Gran Premio 99\u00b0 Aniversario del Club Ciclista Naci\u00f3n en la competencia central.<br \/>\nMaster \u201cB\u201d<br \/>\n1\u00b0 Eduardo Leguizam\u00f3n (Roque P\u00e9rez)<br \/>\n2\u00b0 Carlos Antonio Giuliani (San Pedro<br \/>\n3\u00b0 Fabio Mart\u00edn (Luj\u00e1n)<br \/>\n4\u00b0 Norberto \u201cNegrin\u201d Oviedo (Chivilcoy)<br \/>\n5\u00b0 Diego Tschieder (Esperanza)<br \/>\nElite y Sub 23<br \/>\n1\u00b0 Sergio Fredes (Ranchos \u2013 Leonard Competici\u00f3n)<br \/>\n2\u00b0 Rub\u00e9n Bongiorno (Buenos Aires &#8211; Leopard Competici\u00f3n)<br \/>\n3\u00b0 Hugo Velazquez (San Nicol\u00e1s &#8211; Esc. Donad\u00edo)<br \/>\n4\u00b0 Gast\u00f3n Martinez (9 de Julio \u2013 SAT)<br \/>\n5\u00b0 Tom\u00e1s Conte (Z\u00e1rate &#8211; Imperial Cord)<\/p>\n<p>FOTO: Carlos Giuliani<\/p>\n<p>CICLISMO LOCAL<br \/>\n\u00abEl Galgo\u00bb decoro su mote el s\u00e1bado en el Panor\u00e1mico; Triunf\u00f3 en la competencia principal, luego de lograr una vuelta de ventaja junto a 4 ciclistas y faltando muy pocos giros para el final, se la jug\u00f3 en solitario hasta cruzar la l\u00ednea de sentencia con amplias ventajas ante sus m\u00e1s inmediatos perseguidores, tambi\u00e9n sampedrinos los ocupantes del podio.<br \/>\nLas restantes clasificaciones fueron encabezadas por: Manuel \u00abTucumano\u00bb Nievas, Oscar Artigues, Francisco Chipolini y Luis Olivi (Z\u00e1rate).<br \/>\nResultados del programa organizado por Pro Ciclismo San Pedro:<br \/>\nPE\u00d1A SAMPEDRINA<br \/>\n1\u00b0 Manuel \u00abTucumano\u00bb Nievas<br \/>\n2\u00b0 Jorge Cannata<br \/>\n3\u00b0 Juan Macelli<br \/>\n4\u00b0 Lautaro Chipolini<br \/>\n5\u00b0 Luis Chilelli<\/p>\n<p>MASTER \u00abD\u00bb<br \/>\n1\u00b0 Oscar Artigues (San Pedro)<br \/>\n2\u00b0 Rub\u00e9n Morales (San Pedro)<br \/>\n3\u00b0 Juan Carlos Ariza (Arrecifes)<br \/>\n4\u00b0 Rub\u00e9n Garc\u00eda (Pergamino)<br \/>\n5\u00b0 Ricardo Gallina (San Pedro)<\/p>\n<p>MENORES<br \/>\n1\u00b0 Francisco Chipolini<br \/>\n2\u00b0 Pablo Leone<br \/>\n3\u00b0 Braian Carro<br \/>\n4\u00b0 Alejandro Mendoza<br \/>\n5\u00b0 Walter P\u00e9rez<\/p>\n<p>MASTER \u00abC\u00bb Y MAYORES DE 45<br \/>\n1\u00b0 Luis Olivi (Z\u00e1rate)<br \/>\n2\u00b0 Dar\u00edo Rivarola (Capit\u00e1n Sarmiento)<br \/>\n3\u00b0 Cesar Gim\u00e9nez (Capit\u00e1n Sarmiento)<br \/>\n4\u00b0 Gustavo Arpia (San Pedro)<br \/>\n5\u00b0 Rub\u00e9n Manfrida (San Antonio de Areco)<br \/>\n6\u00b0 Dar\u00edo Neco (Rosario)<br \/>\nGanador Sprint especial: Cesar Gim\u00e9nez (Capit\u00e1n Sarmiento).-<\/p>\n<p>PROMO &#8211; MASTER \u00abA\u00bb y MASTER \u00abB\u00bb<br \/>\n1\u00b0 Jorge Torrens<br \/>\n2\u00b0 Jos\u00e9 Eduardo Villarruel<br \/>\n3\u00b0 Adri\u00e1n Mendoza<br \/>\n4\u00b0 Agust\u00edn Basualdo<br \/>\n5\u00b0 Mariano Manzo<br \/>\n6\u00b0 Lazaro Villarruel<br \/>\n7\u00b0 Cristian Monz\u00f3n<br \/>\nGanador Sprin especial: Lazaro Villarruel<br \/>\nPr\u00f3ximo Programa: S\u00e1bado 28 de Mayo &#8211; 13 hs. Panor\u00e1mico del Oeste<\/p>\n","protected":false},"excerpt":{"rendered":"<p>El circuito KDT de Palermo, alberg\u00f3 el Gran Premio 99 Aniversario del Club Ciclista Naci\u00f3n, 474 fueron los ciclistas que participaron en un domingo realmente hermoso para la practica de este apasionante deporte de las dos ruedas a pedal; El Sampedrino Carlos Giuliani continua familiarizado con el podio y en Master \u201cB\u201d, ocupo, esta vez, [&hellip;]<\/p>\n","protected":false},"author":4,"featured_media":4644,"comment_status":"open","ping_status":"closed","sticky":false,"template":"","format":"standard","meta":{"om_disable_all_campaigns":false,"_jetpack_memberships_contains_paid_content":false,"footnotes":""},"categories":[5],"tags":[],"class_list":["post-4643","post","type-post","status-publish","format-standard","has-post-thumbnail","hentry","category-deportes"],"aioseo_notices":[],"gutentor_comment":0,"jetpack_featured_media_url":"https:\/\/eldiariodesanpedro.com.ar\/sitio\/wp-content\/uploads\/2016\/05\/FOTO-2-25-05-16-Carlos-Giuliani-3.jpg","jetpack_shortlink":"https:\/\/wp.me\/p6RhLt-1cT","jetpack_sharing_enabled":true,"_links":{"self":[{"href":"https:\/\/eldiariodesanpedro.com.ar\/sitio\/wp-json\/wp\/v2\/posts\/4643","targetHints":{"allow":["GET"]}}],"collection":[{"href":"https:\/\/eldiariodesanpedro.com.ar\/sitio\/wp-json\/wp\/v2\/posts"}],"about":[{"href":"https:\/\/eldiariodesanpedro.com.ar\/sitio\/wp-json\/wp\/v2\/types\/post"}],"author":[{"embeddable":true,"href":"https:\/\/eldiariodesanpedro.com.ar\/sitio\/wp-json\/wp\/v2\/users\/4"}],"replies":[{"embeddable":true,"href":"https:\/\/eldiariodesanpedro.com.ar\/sitio\/wp-json\/wp\/v2\/comments?post=4643"}],"version-history":[{"count":2,"href":"https:\/\/eldiariodesanpedro.com.ar\/sitio\/wp-json\/wp\/v2\/posts\/4643\/revisions"}],"predecessor-version":[{"id":4646,"href":"https:\/\/eldiariodesanpedro.com.ar\/sitio\/wp-json\/wp\/v2\/posts\/4643\/revisions\/4646"}],"wp:featuredmedia":[{"embeddable":true,"href":"https:\/\/eldiariodesanpedro.com.ar\/sitio\/wp-json\/wp\/v2\/media\/4644"}],"wp:attachment":[{"href":"https:\/\/eldiariodesanpedro.com.ar\/sitio\/wp-json\/wp\/v2\/media?parent=4643"}],"wp:term":[{"taxonomy":"category","embeddable":true,"href":"https:\/\/eldiariodesanpedro.com.ar\/sitio\/wp-json\/wp\/v2\/categories?post=4643"},{"taxonomy":"post_tag","embeddable":true,"href":"https:\/\/eldiariodesanpedro.com.ar\/sitio\/wp-json\/wp\/v2\/tags?post=4643"}],"curies":[{"name":"wp","href":"https:\/\/api.w.org\/{rel}","templated":true}]}}