{"id":4640,"date":"2016-05-23T11:32:27","date_gmt":"2016-05-23T14:32:27","guid":{"rendered":"https:\/\/eldiariodesanpedro.com.ar\/sitio\/?p=4640"},"modified":"2026-01-24T00:35:52","modified_gmt":"2026-01-24T03:35:52","slug":"boca-vencio-a-river-por-la-minima-silvio-velo-hizo-su-debut-con-la-camiseta-xeneize","status":"publish","type":"post","link":"https:\/\/eldiariodesanpedro.com.ar\/sitio\/boca-vencio-a-river-por-la-minima-silvio-velo-hizo-su-debut-con-la-camiseta-xeneize\/","title":{"rendered":"Boca venci\u00f3 a River por la m\u00ednima, Silvio Velo hizo su debut con la camiseta xeneize."},"content":{"rendered":"<p><!-- VideographyWP Plugin Message: Automatic video embedding prevented by plugin options. --><br \/>\nEl Xeneize derrot\u00f3 por 1-0 al Millonario en el primer Supercl\u00e1sico oficial, con el gol de Claudio Monz\u00f3n. Silvio Velo es el capit\u00e1n de Boca, donde tambi\u00e9n est\u00e1n los sampedrinos Lionel Velo (arquero suplente y ayudante t\u00e9cnico) y el profesor Mariano Arnal (Director T\u00e9cnico).<br \/>\nBocca venci\u00f3 por 1-0 a River en el primer supercl\u00e1sico oficial del F\u00fatbol para ciegos, en el marco de la jornada inaugural de la zona Sur del Campeonato Nacional de la disciplina.<br \/>\nEn el Centro Nacional de Alto Rendimiento (Cenard) de la ciudad de Buenos Aires, el conjunto xeneize se impuso con una anotaci\u00f3n del rosarino Claudio Monz\u00f3n, integrante de Los Murci\u00e9lagos, el seleccionado albiceleste.<br \/>\nEn Boca hizo su estreno el capit\u00e1n del seleccionado, Silvio Velo, quien hist\u00f3ricamente estuvo identificado con la entidad Millonaria. A primera hora, Estudiantes de La Plata, campe\u00f3n de la edici\u00f3n 2011, se impuso por 1-0 a Boca y luego derrot\u00f3 por id\u00e9ntico marcador a Rosell de San Isidro.<br \/>\nAdem\u00e1s, en horario matutino, River le gan\u00f3 a Hurac\u00e1n por 1-0, con conquista de Marcelo Paniza, mediocampista del seleccionado. La primera jornada de la zona Sur se completar\u00e1 el pr\u00f3ximo s\u00e1bado en Bah\u00eda Blanca, organizada por las \u00c1guilas, que recibir\u00e1n a los equipos platenses de Centro Vasco y ATE Provincia, quienes tambi\u00e9n se enfrentar\u00e1n ese d\u00eda.<\/p>\n<p>Palabras de los protagonistas<br \/>\nMariano Arnal siempre estuvo al lado de Silvio Velo, con el que une una amistad muy grande y un rec\u00edproco respeto. Le lleg\u00f3 una propuesta que no pudo decir que no, que adem\u00e1s de una nueva experiencia es un compromiso muy grande. El propio Arnal nos dijo: \u00abDesde el a\u00f1o 2004 soy su personal training, Silvio me lo ofreci\u00f3 y no le puedo decir no. De este partido se habl\u00f3 mucho en la semana, tiene una gran dimensi\u00f3n. Hoy perdimos con Estudiantes pero el partido que los chicos so\u00f1aban era este, por suerte lo pudieron ganar.  Se conocen mucho los jugadores, muchos jugaron juntos mucho tiempo, pero fuimos claros, hubo varios remates, el arquero de ellos tap\u00f3 varios tiros, pudimos ganar faltando cinco minutos y creo bien. <\/p>\n<p>Para Arnal fue un cambio grande, ya que viene de trabajar mucho tiempo en Mitre con las inferiores y ahora es en cancha reducida: \u00abTuve que ponerme al d\u00eda, estudiar mucho al agarrar esto,es el reglamento de f\u00fatbol sala y no puedo fallar, tengo jugadores consagrados y es f\u00e1cil y dif\u00edcil al mismo tiempo, son jugadores de mucha experiencia. Hicimos demasiado para solo un mes de trabajo, aceptaron el proyecto, armamos el equipo y ya estamos jugando. El triunfo ayuda desde lo an\u00edmico y nos da un envi\u00f3n muy grande para lo que viene\u00bb. <\/p>\n<p>Silvio Velo fue sin dudas el protagonista de la fecha que se jug\u00f3 en el Cenard en la jornada inaugural de f\u00fatbol para ciegos. Los medios, jugadores y p\u00fablico en general quiere tener una nota o foto con el \u00abMaradona de los ciegos\u00bb como lo bautiz\u00f3 hace muchos a\u00f1os la Revista Ol\u00e9. Y Silvio Velo cumple, aunque los a\u00f1os parecen no pasar para \u00e9l. Desde 1990 integra la Selecci\u00f3n Argentina \u00abLos Murcielagos\u00bb  y espera en este a\u00f1o hacer bingo; Ya pudo cumplir un sue\u00f1o, vestir la camiseta de Boca, club del cual son hinchas todos los \u00abVelo\u00bb, pero tambi\u00e9n quiere la medalla de oro en los juegos Paral\u00edmpicos de R\u00edo 2016.<br \/>\nEsperamos por \u00e9l, una vez que los medios nacionales e internacionales hablaron con el capit\u00e1n de Boca, se prest\u00f3 al di\u00e1logo con El Cl\u00e1sico: \u00abEs un sue\u00f1o cumplido, m\u00e1s que un sue\u00f1o personal por ser hincha de boca, es jugar el super de la historia y ganarlo, eso queda marcado para siempre. Es un antes y despu\u00e9s de este debut, Boca jerarquiza el f\u00fatbol para ciegos, estoy contento por haber sumado mi granito de arena para que esto se concrete. El f\u00fatbol para ciegos evolucion\u00f3 mucho, cualquiera le gana a cualquiera, perdimos con Estudiantes, quiz\u00e1s merecimos el empate, pero no se dio. Luego jugamos el partidos m\u00e1s esperado y por suerte lo ganamos. Junto con Mariano y el \u00abPuma\u00bb los representamos de la mejor manera, ojal\u00e1 sea con \u00e9xito.<\/p>\n","protected":false},"excerpt":{"rendered":"<p>El Xeneize derrot\u00f3 por 1-0 al Millonario en el primer Supercl\u00e1sico oficial, con el gol de Claudio Monz\u00f3n. Silvio Velo es el capit\u00e1n de Boca, donde tambi\u00e9n est\u00e1n los sampedrinos Lionel Velo (arquero suplente y ayudante t\u00e9cnico) y el profesor Mariano Arnal (Director T\u00e9cnico). Bocca venci\u00f3 por 1-0 a River en el primer supercl\u00e1sico oficial [&hellip;]<\/p>\n","protected":false},"author":4,"featured_media":4641,"comment_status":"open","ping_status":"closed","sticky":false,"template":"","format":"standard","meta":{"om_disable_all_campaigns":false,"_jetpack_memberships_contains_paid_content":false,"footnotes":""},"categories":[5],"tags":[],"class_list":["post-4640","post","type-post","status-publish","format-standard","has-post-thumbnail","hentry","category-deportes"],"aioseo_notices":[],"gutentor_comment":0,"jetpack_featured_media_url":"https:\/\/eldiariodesanpedro.com.ar\/sitio\/wp-content\/uploads\/2016\/05\/foto-1-25-05-16.jpg","jetpack_shortlink":"https:\/\/wp.me\/p6RhLt-1cQ","jetpack_sharing_enabled":true,"_links":{"self":[{"href":"https:\/\/eldiariodesanpedro.com.ar\/sitio\/wp-json\/wp\/v2\/posts\/4640","targetHints":{"allow":["GET"]}}],"collection":[{"href":"https:\/\/eldiariodesanpedro.com.ar\/sitio\/wp-json\/wp\/v2\/posts"}],"about":[{"href":"https:\/\/eldiariodesanpedro.com.ar\/sitio\/wp-json\/wp\/v2\/types\/post"}],"author":[{"embeddable":true,"href":"https:\/\/eldiariodesanpedro.com.ar\/sitio\/wp-json\/wp\/v2\/users\/4"}],"replies":[{"embeddable":true,"href":"https:\/\/eldiariodesanpedro.com.ar\/sitio\/wp-json\/wp\/v2\/comments?post=4640"}],"version-history":[{"count":1,"href":"https:\/\/eldiariodesanpedro.com.ar\/sitio\/wp-json\/wp\/v2\/posts\/4640\/revisions"}],"predecessor-version":[{"id":4642,"href":"https:\/\/eldiariodesanpedro.com.ar\/sitio\/wp-json\/wp\/v2\/posts\/4640\/revisions\/4642"}],"wp:featuredmedia":[{"embeddable":true,"href":"https:\/\/eldiariodesanpedro.com.ar\/sitio\/wp-json\/wp\/v2\/media\/4641"}],"wp:attachment":[{"href":"https:\/\/eldiariodesanpedro.com.ar\/sitio\/wp-json\/wp\/v2\/media?parent=4640"}],"wp:term":[{"taxonomy":"category","embeddable":true,"href":"https:\/\/eldiariodesanpedro.com.ar\/sitio\/wp-json\/wp\/v2\/categories?post=4640"},{"taxonomy":"post_tag","embeddable":true,"href":"https:\/\/eldiariodesanpedro.com.ar\/sitio\/wp-json\/wp\/v2\/tags?post=4640"}],"curies":[{"name":"wp","href":"https:\/\/api.w.org\/{rel}","templated":true}]}}