{"id":4637,"date":"2016-05-23T11:30:00","date_gmt":"2016-05-23T14:30:00","guid":{"rendered":"https:\/\/eldiariodesanpedro.com.ar\/sitio\/?p=4637"},"modified":"2026-01-24T00:35:52","modified_gmt":"2026-01-24T03:35:52","slug":"novo-se-consagro-campeon-en-pehuajo","status":"publish","type":"post","link":"https:\/\/eldiariodesanpedro.com.ar\/sitio\/novo-se-consagro-campeon-en-pehuajo\/","title":{"rendered":"Novo se consagr\u00f3 campe\u00f3n en Pehuaj\u00f3"},"content":{"rendered":"<p><!-- VideographyWP Plugin Message: Automatic video embedding prevented by plugin options. --><br \/>\nIgnacio Novo se consagr\u00f3 campe\u00f3n en la localidad de Pehuajo en torneo Nacional jugado este fin de semana. El sampedrino gan\u00f3 en Cuartos de final a Federico Mantel 6-1\/ 6-1: Semifinal a Joaqu\u00edn Estevez 6-3\/ 6-3 y en la final a Tom\u00e1s Acosta 6-4 \/6-4. En dobles jug\u00f3 con su compa\u00f1ero de entrenamiento Salvador Mu\u00f1oz y perdieron la final 7-6.<\/p>\n","protected":false},"excerpt":{"rendered":"<p>Ignacio Novo se consagr\u00f3 campe\u00f3n en la localidad de Pehuajo en torneo Nacional jugado este fin de semana. El sampedrino gan\u00f3 en Cuartos de final a Federico Mantel 6-1\/ 6-1: Semifinal a Joaqu\u00edn Estevez 6-3\/ 6-3 y en la final a Tom\u00e1s Acosta 6-4 \/6-4. En dobles jug\u00f3 con su compa\u00f1ero de entrenamiento Salvador Mu\u00f1oz [&hellip;]<\/p>\n","protected":false},"author":4,"featured_media":4638,"comment_status":"open","ping_status":"closed","sticky":false,"template":"","format":"standard","meta":{"om_disable_all_campaigns":false,"_jetpack_memberships_contains_paid_content":false,"footnotes":""},"categories":[5],"tags":[],"class_list":["post-4637","post","type-post","status-publish","format-standard","has-post-thumbnail","hentry","category-deportes"],"aioseo_notices":[],"gutentor_comment":0,"jetpack_featured_media_url":"https:\/\/eldiariodesanpedro.com.ar\/sitio\/wp-content\/uploads\/2016\/05\/FOTO-2-24-05-16-nacho-novo-pehuajo.jpg","jetpack_shortlink":"https:\/\/wp.me\/p6RhLt-1cN","jetpack_sharing_enabled":true,"_links":{"self":[{"href":"https:\/\/eldiariodesanpedro.com.ar\/sitio\/wp-json\/wp\/v2\/posts\/4637","targetHints":{"allow":["GET"]}}],"collection":[{"href":"https:\/\/eldiariodesanpedro.com.ar\/sitio\/wp-json\/wp\/v2\/posts"}],"about":[{"href":"https:\/\/eldiariodesanpedro.com.ar\/sitio\/wp-json\/wp\/v2\/types\/post"}],"author":[{"embeddable":true,"href":"https:\/\/eldiariodesanpedro.com.ar\/sitio\/wp-json\/wp\/v2\/users\/4"}],"replies":[{"embeddable":true,"href":"https:\/\/eldiariodesanpedro.com.ar\/sitio\/wp-json\/wp\/v2\/comments?post=4637"}],"version-history":[{"count":1,"href":"https:\/\/eldiariodesanpedro.com.ar\/sitio\/wp-json\/wp\/v2\/posts\/4637\/revisions"}],"predecessor-version":[{"id":4639,"href":"https:\/\/eldiariodesanpedro.com.ar\/sitio\/wp-json\/wp\/v2\/posts\/4637\/revisions\/4639"}],"wp:featuredmedia":[{"embeddable":true,"href":"https:\/\/eldiariodesanpedro.com.ar\/sitio\/wp-json\/wp\/v2\/media\/4638"}],"wp:attachment":[{"href":"https:\/\/eldiariodesanpedro.com.ar\/sitio\/wp-json\/wp\/v2\/media?parent=4637"}],"wp:term":[{"taxonomy":"category","embeddable":true,"href":"https:\/\/eldiariodesanpedro.com.ar\/sitio\/wp-json\/wp\/v2\/categories?post=4637"},{"taxonomy":"post_tag","embeddable":true,"href":"https:\/\/eldiariodesanpedro.com.ar\/sitio\/wp-json\/wp\/v2\/tags?post=4637"}],"curies":[{"name":"wp","href":"https:\/\/api.w.org\/{rel}","templated":true}]}}