{"id":46269,"date":"2019-01-21T18:27:44","date_gmt":"2019-01-21T21:27:44","guid":{"rendered":"https:\/\/eldiariodesanpedro.com.ar\/sitio\/?p=46269"},"modified":"2019-01-21T18:27:52","modified_gmt":"2019-01-21T21:27:52","slug":"campana-sismo-en-la-costa-de-chile-se-sintio-en-campana","status":"publish","type":"post","link":"https:\/\/eldiariodesanpedro.com.ar\/sitio\/campana-sismo-en-la-costa-de-chile-se-sintio-en-campana\/","title":{"rendered":"CAMPANA: Sismo en la costa de Chile se sinti\u00f3 en Campana"},"content":{"rendered":"<!-- VideographyWP Plugin Message: Automatic video embedding prevented by plugin options. -->\n\n<p>No es la primera vez que \u00abecos\u00bb de un movimiento s\u00edsmico logran percibirse en nuestra Ciudad.\u00a0El movimiento s\u00edsmico alcanz\u00f3 los 6,7 de magnitud y tambi\u00e9n se sinti\u00f3 en las provincias de San Juan, Mendoza y C\u00f3rdoba. Del otro lado de la Cordillera, hubo dos muertos y hasta una evacuaci\u00f3n por posible Tsunami.<\/p>\n\n\n\n<p>Pasadas las 22:30 horas, vecinos de edificios y torres de nuestra Ciudad, se comunicaron con Campana Noticias se\u00f1alando movimientos inusuales en sus viviendas. \u201cDe repente el sill\u00f3n se movi\u00f3, y al mirar a mi alrededor, vi que las l\u00e1mparas que colgaban del techo se mov\u00edan con intensidad\u201d aseguraba Enrique.<\/p>\n\n\n\n<p>Poco tardamos en confirmar lo que en 2015, pudo explicar situaci\u00f3n similar: El Centro Sismol\u00f3gico Nacional de la Universidad de Chile report\u00f3 el s\u00e1bado a las 22 horas un sismo de 6,7 de magnitud a 13 kil\u00f3metros de Tongoy, un balneario de la regi\u00f3n de Coquimbo, a 400 kil\u00f3metros al norte de Santiago de Chile y a unos 1700 kil\u00f3metros de nuestra Ciudad. Del otro lado de la Cordillera, en la regi\u00f3n de Cuyo de la Argentina, usuarios avisaron a trav\u00e9s de las redes sociales que sintieron el temblor en diferentes puntos de C\u00f3rdoba, Mendoza y San Juan.<\/p>\n\n\n\n<p>La situaci\u00f3n fue similar a la ocurrida en 2015.\u00a0Aquel sismo de 8,3 grados Richter, ocurri\u00f3 a las 19.55 y tuvo su epicentro en Illapel, a 177 kil\u00f3metros al nor-noroeste de la ciudad costera de Valpara\u00edso; tuvo varias r\u00e9plicas que se sintieron en San Juan, Mendoza y hasta en Campana, donde edificios y algunos barrios evidenciaron signos del movimiento.<\/p>\n\n\n\n<p>En cuanto al fen\u00f3meno de ayer, la Oficina Nacional de Emergencia del Ministerio del Interior (Onemi) de Chile alert\u00f3 sobre la posibilidad de producirse un tsunami sobre la regi\u00f3n de Coquimbo y por eso orden\u00f3 la \u00abevacuaci\u00f3n preventiva\u00bb de los habitantes. Minutos despu\u00e9s, sin embargo, la Onemi cancel\u00f3 el pedido de evacuaci\u00f3n al reconsiderar que \u00ablas caracter\u00edsticas del sismo no re\u00fanen las condiciones necesarias para generar un tsunami en la regi\u00f3n de Coquimbo de la costa de Chile\u00bb.<\/p>\n\n\n\n<p>No obstante, dos personas fallecieron durante el proceso de evacuaci\u00f3n en los sectores costeros de la regi\u00f3n chilena de Coquimbo ante dicha amenaza de tsunami. La Oficina Nacional de Emergencia Chile indic\u00f3 que una de las personas fallecidas estaba cenando en un restaurante en la localidad de Pe\u00f1uelas (Coquimbo) y sufri\u00f3 un paro cardiorespiratorio cuando comenz\u00f3 el proceso de evacuaci\u00f3n. La otra persona falleci\u00f3 tambi\u00e9n por causa de un infarto, en la regi\u00f3n de La Serena, sin que las autoridades hayan aportado m\u00e1s detalles hasta ahora, se\u00f1al\u00f3 la agencia Efe.<\/p>\n\n\n\n<p>Tras el sismo de las 22.32 horas a 13 kil\u00f3metros de Tongoy, el Centro Sismol\u00f3gico Nacional de la Universidad de Chile registr\u00f3 cinco r\u00e9plicas de entre 3,3 y 4,3 de magnitud en solo una hora. <\/p>\n\n\n\n<p>Fuente: Campana Noticias<\/p>\n","protected":false},"excerpt":{"rendered":"<p>No es la primera vez que \u00abecos\u00bb de un movimiento s\u00edsmico logran percibirse en nuestra Ciudad.\u00a0El movimiento s\u00edsmico alcanz\u00f3 los 6,7 de magnitud y tambi\u00e9n se sinti\u00f3 en las provincias de San Juan, Mendoza y C\u00f3rdoba. Del otro lado de la Cordillera, hubo dos muertos y hasta una evacuaci\u00f3n por posible Tsunami. Pasadas las 22:30 [&hellip;]<\/p>\n","protected":false},"author":4,"featured_media":46270,"comment_status":"open","ping_status":"closed","sticky":false,"template":"","format":"standard","meta":{"om_disable_all_campaigns":false,"_jetpack_memberships_contains_paid_content":false,"footnotes":""},"categories":[621],"tags":[],"class_list":["post-46269","post","type-post","status-publish","format-standard","has-post-thumbnail","hentry","category-regionales"],"aioseo_notices":[],"gutentor_comment":0,"jetpack_featured_media_url":"https:\/\/eldiariodesanpedro.com.ar\/sitio\/wp-content\/uploads\/2019\/01\/20190120104345.jpg","jetpack_shortlink":"https:\/\/wp.me\/p6RhLt-c2h","jetpack_sharing_enabled":true,"_links":{"self":[{"href":"https:\/\/eldiariodesanpedro.com.ar\/sitio\/wp-json\/wp\/v2\/posts\/46269","targetHints":{"allow":["GET"]}}],"collection":[{"href":"https:\/\/eldiariodesanpedro.com.ar\/sitio\/wp-json\/wp\/v2\/posts"}],"about":[{"href":"https:\/\/eldiariodesanpedro.com.ar\/sitio\/wp-json\/wp\/v2\/types\/post"}],"author":[{"embeddable":true,"href":"https:\/\/eldiariodesanpedro.com.ar\/sitio\/wp-json\/wp\/v2\/users\/4"}],"replies":[{"embeddable":true,"href":"https:\/\/eldiariodesanpedro.com.ar\/sitio\/wp-json\/wp\/v2\/comments?post=46269"}],"version-history":[{"count":2,"href":"https:\/\/eldiariodesanpedro.com.ar\/sitio\/wp-json\/wp\/v2\/posts\/46269\/revisions"}],"predecessor-version":[{"id":46272,"href":"https:\/\/eldiariodesanpedro.com.ar\/sitio\/wp-json\/wp\/v2\/posts\/46269\/revisions\/46272"}],"wp:featuredmedia":[{"embeddable":true,"href":"https:\/\/eldiariodesanpedro.com.ar\/sitio\/wp-json\/wp\/v2\/media\/46270"}],"wp:attachment":[{"href":"https:\/\/eldiariodesanpedro.com.ar\/sitio\/wp-json\/wp\/v2\/media?parent=46269"}],"wp:term":[{"taxonomy":"category","embeddable":true,"href":"https:\/\/eldiariodesanpedro.com.ar\/sitio\/wp-json\/wp\/v2\/categories?post=46269"},{"taxonomy":"post_tag","embeddable":true,"href":"https:\/\/eldiariodesanpedro.com.ar\/sitio\/wp-json\/wp\/v2\/tags?post=46269"}],"curies":[{"name":"wp","href":"https:\/\/api.w.org\/{rel}","templated":true}]}}