{"id":46262,"date":"2019-01-21T18:16:19","date_gmt":"2019-01-21T21:16:19","guid":{"rendered":"https:\/\/eldiariodesanpedro.com.ar\/sitio\/?p=46262"},"modified":"2019-01-21T18:16:29","modified_gmt":"2019-01-21T21:16:29","slug":"arrecifes-conmocion-por-una-ola-de-suicidios-10-casos-en-menos-de-2-meses","status":"publish","type":"post","link":"https:\/\/eldiariodesanpedro.com.ar\/sitio\/arrecifes-conmocion-por-una-ola-de-suicidios-10-casos-en-menos-de-2-meses\/","title":{"rendered":"ARRECIFES: Conmoci\u00f3n por una ola de suicidios: 10 casos en menos de 2 meses"},"content":{"rendered":"<!-- VideographyWP Plugin Message: Automatic video embedding prevented by plugin options. -->\n\n<p>\n\nEn los \u00faltimos dos meses, se han registrado diez casos de personas que se han quitado la vida, ocho de los diez casos son hombres, una mujer y una chica Trans, de ellos tan s\u00f3lo uno es de la tercera edad.<\/p>\n\n\n\n<p>Seg\u00fan el sitio Minuto Arrecifes, ninguno de los casos cuenta en su historia cl\u00ednica con tratamientos psiqui\u00e1tricos. Alertados por la situaci\u00f3n, funcionarios de Arrecifes en conjunto con autoridades de la Provincia, se reuniron&nbsp;este viernes a la ma\u00f1ana. A los di\u00e9z casos se suma uno m\u00e1s del pasado lunes, cuando los bomberos del municipio salvaron a otro vecino que intent\u00f3 atentar contra su vida.<\/p>\n\n\n\n<p>La Direcci\u00f3n de Prevenci\u00f3n de Adicciones y Promoci\u00f3n de Salud Mental del Ministerio de Salud bonaerense organiz\u00f3 una reuni\u00f3n y una charla con toda la comunidad de Arrecifes para tratar el tema.<\/p>\n\n\n\n<p>La grave situaci\u00f3n que llam\u00f3 la atenci\u00f3n de los vecinos de la localidad bonaerense,\u00a0tambi\u00e9n fue replicada por el jugador de la selecci\u00f3n Argentina de f\u00fatbol, Pablo Zabaleta, nacido en Arrecifes. \u00a0<\/p>\n\n\n\n<p>Fuente: <a href=\"https:\/\/infocielo.com\/\">Info Cielo<\/a><\/p>\n","protected":false},"excerpt":{"rendered":"<p>En los \u00faltimos dos meses, se han registrado diez casos de personas que se han quitado la vida, ocho de los diez casos son hombres, una mujer y una chica Trans, de ellos tan s\u00f3lo uno es de la tercera edad. Seg\u00fan el sitio Minuto Arrecifes, ninguno de los casos cuenta en su historia cl\u00ednica [&hellip;]<\/p>\n","protected":false},"author":4,"featured_media":46263,"comment_status":"open","ping_status":"closed","sticky":false,"template":"","format":"standard","meta":{"om_disable_all_campaigns":false,"_jetpack_memberships_contains_paid_content":false,"footnotes":""},"categories":[621],"tags":[],"class_list":["post-46262","post","type-post","status-publish","format-standard","has-post-thumbnail","hentry","category-regionales"],"aioseo_notices":[],"gutentor_comment":0,"jetpack_featured_media_url":"https:\/\/eldiariodesanpedro.com.ar\/sitio\/wp-content\/uploads\/2019\/01\/arrecifeancho_0.jpg","jetpack_shortlink":"https:\/\/wp.me\/p6RhLt-c2a","jetpack_sharing_enabled":true,"_links":{"self":[{"href":"https:\/\/eldiariodesanpedro.com.ar\/sitio\/wp-json\/wp\/v2\/posts\/46262","targetHints":{"allow":["GET"]}}],"collection":[{"href":"https:\/\/eldiariodesanpedro.com.ar\/sitio\/wp-json\/wp\/v2\/posts"}],"about":[{"href":"https:\/\/eldiariodesanpedro.com.ar\/sitio\/wp-json\/wp\/v2\/types\/post"}],"author":[{"embeddable":true,"href":"https:\/\/eldiariodesanpedro.com.ar\/sitio\/wp-json\/wp\/v2\/users\/4"}],"replies":[{"embeddable":true,"href":"https:\/\/eldiariodesanpedro.com.ar\/sitio\/wp-json\/wp\/v2\/comments?post=46262"}],"version-history":[{"count":1,"href":"https:\/\/eldiariodesanpedro.com.ar\/sitio\/wp-json\/wp\/v2\/posts\/46262\/revisions"}],"predecessor-version":[{"id":46264,"href":"https:\/\/eldiariodesanpedro.com.ar\/sitio\/wp-json\/wp\/v2\/posts\/46262\/revisions\/46264"}],"wp:featuredmedia":[{"embeddable":true,"href":"https:\/\/eldiariodesanpedro.com.ar\/sitio\/wp-json\/wp\/v2\/media\/46263"}],"wp:attachment":[{"href":"https:\/\/eldiariodesanpedro.com.ar\/sitio\/wp-json\/wp\/v2\/media?parent=46262"}],"wp:term":[{"taxonomy":"category","embeddable":true,"href":"https:\/\/eldiariodesanpedro.com.ar\/sitio\/wp-json\/wp\/v2\/categories?post=46262"},{"taxonomy":"post_tag","embeddable":true,"href":"https:\/\/eldiariodesanpedro.com.ar\/sitio\/wp-json\/wp\/v2\/tags?post=46262"}],"curies":[{"name":"wp","href":"https:\/\/api.w.org\/{rel}","templated":true}]}}