{"id":46259,"date":"2019-01-21T18:14:02","date_gmt":"2019-01-21T21:14:02","guid":{"rendered":"https:\/\/eldiariodesanpedro.com.ar\/sitio\/?p=46259"},"modified":"2019-01-21T18:14:11","modified_gmt":"2019-01-21T21:14:11","slug":"campana-se-atrinchero-en-su-casa-e-intento-quitarse-la-vida-por-quedarse-sin-trabajo","status":"publish","type":"post","link":"https:\/\/eldiariodesanpedro.com.ar\/sitio\/campana-se-atrinchero-en-su-casa-e-intento-quitarse-la-vida-por-quedarse-sin-trabajo\/","title":{"rendered":"CAMPANA: Se atrincher\u00f3 en su casa e intent\u00f3 quitarse la vida por quedarse sin trabajo"},"content":{"rendered":"<!-- VideographyWP Plugin Message: Automatic video embedding prevented by plugin options. -->\n\n<p>\n\nUn vecino de la calle Paso se atrincher\u00f3 armado, y amenaz\u00f3 con quitarse la vida tras perder el empleo. Su familia fue desalojada del lugar, e intervino el Grupo Halc\u00f3n. Tras m\u00e1s de cuatro horas de intervenci\u00f3n, se logr\u00f3 evitar la dr\u00e1stica decisi\u00f3n y el sujeto fue trasladado al Hospital.<\/p>\n\n\n\n<p>Cerca de las 18:00 hs de ayer Domingo, un llamado al 911 advert\u00eda sobre un hecho que ten\u00eda lugar en la calle Paso al 900, y que mantendr\u00eda en vilo a los vecinos del lugar durante m\u00e1s de cuatro horas.<\/p>\n\n\n\n<p>All\u00ed, un vecino intent\u00f3 quitarse la vida, y se atrincher\u00f3 armado con una pistola en su hogar. Seg\u00fan hizo saber, los motivos de tama\u00f1a determinaci\u00f3n fueron la p\u00e9rdida de su empleo y la falta de trabajo.<\/p>\n\n\n\n<p>La familia del desesperado vecino fue desalojada del lugar, y s\u00f3lo su cu\u00f1ado permanec\u00eda en la vivienda intentando hacerlo recapacitar. La Polic\u00eda puso en marcha el protocolo de situaci\u00f3n, y efectivos del Grupo Halc\u00f3n llegaron hasta el domicilio, mientras que los vecinos de la cuadra debieron permanecer en el interior de sus hogares.<\/p>\n\n\n\n<p>Tambi\u00e9n una ambulancia del Same se hizo presente en el lugar. Finalmente, y pasadas las 22 horas, el sujeto identificado como Carlos Quiroga, de 45 a\u00f1os, depuso su actitud y fue trasladado al Hospital San Jos\u00e9 por personal policial. Interviene la UFI 3 de Campana. <\/p>\n\n\n\n<p>Fuente: Campana Noticias<\/p>\n","protected":false},"excerpt":{"rendered":"<p>Un vecino de la calle Paso se atrincher\u00f3 armado, y amenaz\u00f3 con quitarse la vida tras perder el empleo. Su familia fue desalojada del lugar, e intervino el Grupo Halc\u00f3n. Tras m\u00e1s de cuatro horas de intervenci\u00f3n, se logr\u00f3 evitar la dr\u00e1stica decisi\u00f3n y el sujeto fue trasladado al Hospital. Cerca de las 18:00 hs [&hellip;]<\/p>\n","protected":false},"author":4,"featured_media":46260,"comment_status":"open","ping_status":"closed","sticky":false,"template":"","format":"standard","meta":{"om_disable_all_campaigns":false,"_jetpack_memberships_contains_paid_content":false,"footnotes":""},"categories":[621],"tags":[],"class_list":["post-46259","post","type-post","status-publish","format-standard","has-post-thumbnail","hentry","category-regionales"],"aioseo_notices":[],"gutentor_comment":0,"jetpack_featured_media_url":"https:\/\/eldiariodesanpedro.com.ar\/sitio\/wp-content\/uploads\/2019\/01\/20190121092325.jpg","jetpack_shortlink":"https:\/\/wp.me\/p6RhLt-c27","jetpack_sharing_enabled":true,"_links":{"self":[{"href":"https:\/\/eldiariodesanpedro.com.ar\/sitio\/wp-json\/wp\/v2\/posts\/46259","targetHints":{"allow":["GET"]}}],"collection":[{"href":"https:\/\/eldiariodesanpedro.com.ar\/sitio\/wp-json\/wp\/v2\/posts"}],"about":[{"href":"https:\/\/eldiariodesanpedro.com.ar\/sitio\/wp-json\/wp\/v2\/types\/post"}],"author":[{"embeddable":true,"href":"https:\/\/eldiariodesanpedro.com.ar\/sitio\/wp-json\/wp\/v2\/users\/4"}],"replies":[{"embeddable":true,"href":"https:\/\/eldiariodesanpedro.com.ar\/sitio\/wp-json\/wp\/v2\/comments?post=46259"}],"version-history":[{"count":1,"href":"https:\/\/eldiariodesanpedro.com.ar\/sitio\/wp-json\/wp\/v2\/posts\/46259\/revisions"}],"predecessor-version":[{"id":46261,"href":"https:\/\/eldiariodesanpedro.com.ar\/sitio\/wp-json\/wp\/v2\/posts\/46259\/revisions\/46261"}],"wp:featuredmedia":[{"embeddable":true,"href":"https:\/\/eldiariodesanpedro.com.ar\/sitio\/wp-json\/wp\/v2\/media\/46260"}],"wp:attachment":[{"href":"https:\/\/eldiariodesanpedro.com.ar\/sitio\/wp-json\/wp\/v2\/media?parent=46259"}],"wp:term":[{"taxonomy":"category","embeddable":true,"href":"https:\/\/eldiariodesanpedro.com.ar\/sitio\/wp-json\/wp\/v2\/categories?post=46259"},{"taxonomy":"post_tag","embeddable":true,"href":"https:\/\/eldiariodesanpedro.com.ar\/sitio\/wp-json\/wp\/v2\/tags?post=46259"}],"curies":[{"name":"wp","href":"https:\/\/api.w.org\/{rel}","templated":true}]}}