{"id":46254,"date":"2019-01-21T17:48:50","date_gmt":"2019-01-21T20:48:50","guid":{"rendered":"https:\/\/eldiariodesanpedro.com.ar\/sitio\/?p=46254"},"modified":"2019-01-21T17:48:56","modified_gmt":"2019-01-21T20:48:56","slug":"los-guias-turisticos-locales-actualizaron-su-validacion","status":"publish","type":"post","link":"https:\/\/eldiariodesanpedro.com.ar\/sitio\/los-guias-turisticos-locales-actualizaron-su-validacion\/","title":{"rendered":"Los gu\u00edas tur\u00edsticos locales actualizaron su validaci\u00f3n"},"content":{"rendered":"<!-- VideographyWP Plugin Message: Automatic video embedding prevented by plugin options. -->\n\n<p>\n\nPor segundo a\u00f1o consecutivo se sustanci\u00f3 la evaluaci\u00f3n de quienes llevan adelante las recorridas&nbsp;guiadas a los prestadores tur\u00edsticos que desarrollen excursiones a la ciudad. En esta oportunidad fueron 13 gu\u00edas que frente a un jurado especializado en turismo, historia y comunicaci\u00f3n debieron dar cuenta de sus conocimientos y habilidades para realizar la tarea.<\/p>\n\n\n\n<p>Dando cumplimiento a la Ordenanza 6078 que reglamenta las actividades contempladas dentro del marco de los Gu\u00edas de Turismo locales, la Direcci\u00f3n de Turismo local organiz\u00f3 la instancia para garantizar el profesionalismo de quienes llevan adelante la tarea de anfitriones, demostrando su capacidad para acompa\u00f1ar, asistir,&nbsp; informar o transmitir al visitante lo concerniente al patrimonio socio cultural, folkl\u00f3rico, hist\u00f3rico, geogr\u00e1fico, biodiversidad del partido.<br>El jurado estuvo constituido por la Lic. Marcela Cu\u00f1er, la Profesora Rosal\u00eda Linguitti y la Dra. Mariana Piola, quienes desde sus diferentes perspectivas interpelaron a los gu\u00edas, que en la mayor\u00eda de los casos revalidaban el permiso logrado a fin de 2017.&nbsp;<\/p>\n\n\n\n<p>Un examen escrito y una instancia de coloquio en la que se profundizaba alg\u00fan tema hist\u00f3rico como una propuesta de guiada para un grupo especial, fueron los espacios de di\u00e1logo que adem\u00e1s dieron cuenta de innovaciones realizadas por los gu\u00edas, y se constituyeron en instancias de aprendizaje en los que seguir\u00e1n profundizando.\u00a0<\/p>\n\n\n\n<p>En la continuidad de la evaluaci\u00f3n, se reconoci\u00f3 la mejora que se produjo entre un a\u00f1o y el siguiente, y el estado permanente de investigaci\u00f3n e intercambio que suma nuevos datos que enriquecen las situaciones. Al finalizar el encuentro el jurado destac\u00f3 la importante labor que realizan los gu\u00edas como \u00abguardianes del patrimonio cultural local\u00bb, en tanto van cruzando informaci\u00f3n de distintos or\u00edgenes que da cuenta de la historia, la econom\u00eda y la cultura de San Pedro, as\u00ed como garantizan la multiplicaci\u00f3n\u00a0 del fen\u00f3meno del turismo a contingentes de chicos y adultos que se acercan semanalmente a la ciudad. <\/p>\n","protected":false},"excerpt":{"rendered":"<p>Por segundo a\u00f1o consecutivo se sustanci\u00f3 la evaluaci\u00f3n de quienes llevan adelante las recorridas&nbsp;guiadas a los prestadores tur\u00edsticos que desarrollen excursiones a la ciudad. En esta oportunidad fueron 13 gu\u00edas que frente a un jurado especializado en turismo, historia y comunicaci\u00f3n debieron dar cuenta de sus conocimientos y habilidades para realizar la tarea. Dando cumplimiento [&hellip;]<\/p>\n","protected":false},"author":4,"featured_media":12664,"comment_status":"open","ping_status":"closed","sticky":false,"template":"","format":"standard","meta":{"om_disable_all_campaigns":false,"_jetpack_memberships_contains_paid_content":false,"footnotes":""},"categories":[101,2],"tags":[],"class_list":["post-46254","post","type-post","status-publish","format-standard","has-post-thumbnail","hentry","category-interes-general-locales","category-locales"],"aioseo_notices":[],"gutentor_comment":0,"jetpack_featured_media_url":"https:\/\/eldiariodesanpedro.com.ar\/sitio\/wp-content\/uploads\/2017\/01\/nueva-Direcci\u00f3n-de-Turismo.jpg","jetpack_shortlink":"https:\/\/wp.me\/p6RhLt-c22","jetpack_sharing_enabled":true,"_links":{"self":[{"href":"https:\/\/eldiariodesanpedro.com.ar\/sitio\/wp-json\/wp\/v2\/posts\/46254","targetHints":{"allow":["GET"]}}],"collection":[{"href":"https:\/\/eldiariodesanpedro.com.ar\/sitio\/wp-json\/wp\/v2\/posts"}],"about":[{"href":"https:\/\/eldiariodesanpedro.com.ar\/sitio\/wp-json\/wp\/v2\/types\/post"}],"author":[{"embeddable":true,"href":"https:\/\/eldiariodesanpedro.com.ar\/sitio\/wp-json\/wp\/v2\/users\/4"}],"replies":[{"embeddable":true,"href":"https:\/\/eldiariodesanpedro.com.ar\/sitio\/wp-json\/wp\/v2\/comments?post=46254"}],"version-history":[{"count":1,"href":"https:\/\/eldiariodesanpedro.com.ar\/sitio\/wp-json\/wp\/v2\/posts\/46254\/revisions"}],"predecessor-version":[{"id":46255,"href":"https:\/\/eldiariodesanpedro.com.ar\/sitio\/wp-json\/wp\/v2\/posts\/46254\/revisions\/46255"}],"wp:featuredmedia":[{"embeddable":true,"href":"https:\/\/eldiariodesanpedro.com.ar\/sitio\/wp-json\/wp\/v2\/media\/12664"}],"wp:attachment":[{"href":"https:\/\/eldiariodesanpedro.com.ar\/sitio\/wp-json\/wp\/v2\/media?parent=46254"}],"wp:term":[{"taxonomy":"category","embeddable":true,"href":"https:\/\/eldiariodesanpedro.com.ar\/sitio\/wp-json\/wp\/v2\/categories?post=46254"},{"taxonomy":"post_tag","embeddable":true,"href":"https:\/\/eldiariodesanpedro.com.ar\/sitio\/wp-json\/wp\/v2\/tags?post=46254"}],"curies":[{"name":"wp","href":"https:\/\/api.w.org\/{rel}","templated":true}]}}