{"id":4625,"date":"2016-05-23T09:03:12","date_gmt":"2016-05-23T12:03:12","guid":{"rendered":"https:\/\/eldiariodesanpedro.com.ar\/sitio\/?p=4625"},"modified":"2016-05-23T09:05:02","modified_gmt":"2016-05-23T12:05:02","slug":"la-municipalidad-de-san-pedro-continua-su-trabajo","status":"publish","type":"post","link":"https:\/\/eldiariodesanpedro.com.ar\/sitio\/la-municipalidad-de-san-pedro-continua-su-trabajo\/","title":{"rendered":"La municipalidad de San Pedro continua su trabajo"},"content":{"rendered":"<p><!-- VideographyWP Plugin Message: Automatic video embedding prevented by plugin options. --><\/p>\n<blockquote><p>La municipalidad de San Pedro continua trabajando en el zanjeo y cruce de calles. \u00a0En esta oportunidad se est\u00e1 realizando un cruce de calle en la intersecci\u00f3n de Mart\u00edn Fierro e Ituzaingo, \u00a0el grupo de trabajo perteneciente al servidor de obras p\u00fablicas continua su ardua labor.<\/p><\/blockquote>\n<blockquote><p><span style=\"text-decoration: underline;\"><span style=\"text-decoration: underline;\"><\/span><\/span><div data-carousel-extra='{&quot;blog_id&quot;:1,&quot;permalink&quot;:&quot;https:\/\/eldiariodesanpedro.com.ar\/sitio\/la-municipalidad-de-san-pedro-continua-su-trabajo\/&quot;}' id='gallery-1' class='gallery galleryid-4625 gallery-columns-3 gallery-size-thumbnail'><figure class='gallery-item'>\n\t\t\t<div class='gallery-icon portrait'>\n\t\t\t\t<a href='https:\/\/eldiariodesanpedro.com.ar\/sitio\/la-municipalidad-de-san-pedro-continua-su-trabajo\/img-20160523-wa0003\/'><img decoding=\"async\" width=\"150\" height=\"150\" data-src=\"https:\/\/eldiariodesanpedro.com.ar\/sitio\/wp-content\/uploads\/2016\/05\/IMG-20160523-WA0003-150x150.jpg\" class=\"attachment-thumbnail size-thumbnail lazyload\" alt=\"El Diario de San Pedro | Noticias locales y regionales\" data-attachment-id=\"4628\" data-permalink=\"https:\/\/eldiariodesanpedro.com.ar\/sitio\/la-municipalidad-de-san-pedro-continua-su-trabajo\/img-20160523-wa0003\/\" data-orig-file=\"https:\/\/eldiariodesanpedro.com.ar\/sitio\/wp-content\/uploads\/2016\/05\/IMG-20160523-WA0003.jpg\" data-orig-size=\"768,1280\" data-comments-opened=\"1\" data-image-meta=\"{&quot;aperture&quot;:&quot;0&quot;,&quot;credit&quot;:&quot;&quot;,&quot;camera&quot;:&quot;&quot;,&quot;caption&quot;:&quot;&quot;,&quot;created_timestamp&quot;:&quot;0&quot;,&quot;copyright&quot;:&quot;&quot;,&quot;focal_length&quot;:&quot;0&quot;,&quot;iso&quot;:&quot;0&quot;,&quot;shutter_speed&quot;:&quot;0&quot;,&quot;title&quot;:&quot;&quot;,&quot;orientation&quot;:&quot;0&quot;}\" data-image-title=\"IMG-20160523-WA0003\" data-image-description=\"\" data-image-caption=\"\" data-large-file=\"https:\/\/eldiariodesanpedro.com.ar\/sitio\/wp-content\/uploads\/2016\/05\/IMG-20160523-WA0003-614x1024.jpg\" src=\"data:image\/svg+xml;base64,PHN2ZyB3aWR0aD0iMSIgaGVpZ2h0PSIxIiB4bWxucz0iaHR0cDovL3d3dy53My5vcmcvMjAwMC9zdmciPjwvc3ZnPg==\" style=\"--smush-placeholder-width: 150px; --smush-placeholder-aspect-ratio: 150\/150;\" \/><\/a>\n\t\t\t<\/div><\/figure><figure class='gallery-item'>\n\t\t\t<div class='gallery-icon portrait'>\n\t\t\t\t<a href='https:\/\/eldiariodesanpedro.com.ar\/sitio\/la-municipalidad-de-san-pedro-continua-su-trabajo\/img-20160523-wa0001\/'><img decoding=\"async\" width=\"150\" height=\"150\" data-src=\"https:\/\/eldiariodesanpedro.com.ar\/sitio\/wp-content\/uploads\/2016\/05\/IMG-20160523-WA0001-150x150.jpg\" class=\"attachment-thumbnail size-thumbnail lazyload\" alt=\"El Diario de San Pedro | Noticias locales y regionales\" data-attachment-id=\"4630\" data-permalink=\"https:\/\/eldiariodesanpedro.com.ar\/sitio\/la-municipalidad-de-san-pedro-continua-su-trabajo\/img-20160523-wa0001\/\" data-orig-file=\"https:\/\/eldiariodesanpedro.com.ar\/sitio\/wp-content\/uploads\/2016\/05\/IMG-20160523-WA0001.jpg\" data-orig-size=\"768,1280\" data-comments-opened=\"1\" data-image-meta=\"{&quot;aperture&quot;:&quot;0&quot;,&quot;credit&quot;:&quot;&quot;,&quot;camera&quot;:&quot;&quot;,&quot;caption&quot;:&quot;&quot;,&quot;created_timestamp&quot;:&quot;0&quot;,&quot;copyright&quot;:&quot;&quot;,&quot;focal_length&quot;:&quot;0&quot;,&quot;iso&quot;:&quot;0&quot;,&quot;shutter_speed&quot;:&quot;0&quot;,&quot;title&quot;:&quot;&quot;,&quot;orientation&quot;:&quot;0&quot;}\" data-image-title=\"IMG-20160523-WA0001\" data-image-description=\"\" data-image-caption=\"\" data-large-file=\"https:\/\/eldiariodesanpedro.com.ar\/sitio\/wp-content\/uploads\/2016\/05\/IMG-20160523-WA0001-614x1024.jpg\" src=\"data:image\/svg+xml;base64,PHN2ZyB3aWR0aD0iMSIgaGVpZ2h0PSIxIiB4bWxucz0iaHR0cDovL3d3dy53My5vcmcvMjAwMC9zdmciPjwvc3ZnPg==\" style=\"--smush-placeholder-width: 150px; --smush-placeholder-aspect-ratio: 150\/150;\" \/><\/a>\n\t\t\t<\/div><\/figure><figure class='gallery-item'>\n\t\t\t<div class='gallery-icon portrait'>\n\t\t\t\t<a href='https:\/\/eldiariodesanpedro.com.ar\/sitio\/la-municipalidad-de-san-pedro-continua-su-trabajo\/img-20160523-wa0000\/'><img decoding=\"async\" width=\"150\" height=\"150\" data-src=\"https:\/\/eldiariodesanpedro.com.ar\/sitio\/wp-content\/uploads\/2016\/05\/IMG-20160523-WA0000-150x150.jpg\" class=\"attachment-thumbnail size-thumbnail lazyload\" alt=\"El Diario de San Pedro | Noticias locales y regionales\" data-attachment-id=\"4631\" data-permalink=\"https:\/\/eldiariodesanpedro.com.ar\/sitio\/la-municipalidad-de-san-pedro-continua-su-trabajo\/img-20160523-wa0000\/\" data-orig-file=\"https:\/\/eldiariodesanpedro.com.ar\/sitio\/wp-content\/uploads\/2016\/05\/IMG-20160523-WA0000.jpg\" data-orig-size=\"768,1280\" data-comments-opened=\"1\" data-image-meta=\"{&quot;aperture&quot;:&quot;0&quot;,&quot;credit&quot;:&quot;&quot;,&quot;camera&quot;:&quot;&quot;,&quot;caption&quot;:&quot;&quot;,&quot;created_timestamp&quot;:&quot;0&quot;,&quot;copyright&quot;:&quot;&quot;,&quot;focal_length&quot;:&quot;0&quot;,&quot;iso&quot;:&quot;0&quot;,&quot;shutter_speed&quot;:&quot;0&quot;,&quot;title&quot;:&quot;&quot;,&quot;orientation&quot;:&quot;0&quot;}\" data-image-title=\"IMG-20160523-WA0000\" data-image-description=\"\" data-image-caption=\"\" data-large-file=\"https:\/\/eldiariodesanpedro.com.ar\/sitio\/wp-content\/uploads\/2016\/05\/IMG-20160523-WA0000-614x1024.jpg\" src=\"data:image\/svg+xml;base64,PHN2ZyB3aWR0aD0iMSIgaGVpZ2h0PSIxIiB4bWxucz0iaHR0cDovL3d3dy53My5vcmcvMjAwMC9zdmciPjwvc3ZnPg==\" style=\"--smush-placeholder-width: 150px; --smush-placeholder-aspect-ratio: 150\/150;\" \/><\/a>\n\t\t\t<\/div><\/figure>\n\t\t<\/div>\n<\/p><\/blockquote>\n","protected":false},"excerpt":{"rendered":"<p>La municipalidad de San Pedro continua trabajando en el zanjeo y cruce de calles. \u00a0En esta oportunidad se est\u00e1 realizando un cruce de calle en la intersecci\u00f3n de Mart\u00edn Fierro e Ituzaingo, \u00a0el grupo de trabajo perteneciente al servidor de obras p\u00fablicas continua su ardua labor.<\/p>\n","protected":false},"author":4,"featured_media":4626,"comment_status":"open","ping_status":"closed","sticky":false,"template":"","format":"standard","meta":{"om_disable_all_campaigns":false,"_jetpack_memberships_contains_paid_content":false,"footnotes":""},"categories":[101,2],"tags":[],"class_list":["post-4625","post","type-post","status-publish","format-standard","has-post-thumbnail","hentry","category-interes-general-locales","category-locales"],"aioseo_notices":[],"gutentor_comment":0,"jetpack_featured_media_url":"https:\/\/eldiariodesanpedro.com.ar\/sitio\/wp-content\/uploads\/2016\/05\/IMG-20160523-WA0002.jpg","jetpack_shortlink":"https:\/\/wp.me\/p6RhLt-1cB","jetpack_sharing_enabled":true,"_links":{"self":[{"href":"https:\/\/eldiariodesanpedro.com.ar\/sitio\/wp-json\/wp\/v2\/posts\/4625","targetHints":{"allow":["GET"]}}],"collection":[{"href":"https:\/\/eldiariodesanpedro.com.ar\/sitio\/wp-json\/wp\/v2\/posts"}],"about":[{"href":"https:\/\/eldiariodesanpedro.com.ar\/sitio\/wp-json\/wp\/v2\/types\/post"}],"author":[{"embeddable":true,"href":"https:\/\/eldiariodesanpedro.com.ar\/sitio\/wp-json\/wp\/v2\/users\/4"}],"replies":[{"embeddable":true,"href":"https:\/\/eldiariodesanpedro.com.ar\/sitio\/wp-json\/wp\/v2\/comments?post=4625"}],"version-history":[{"count":3,"href":"https:\/\/eldiariodesanpedro.com.ar\/sitio\/wp-json\/wp\/v2\/posts\/4625\/revisions"}],"predecessor-version":[{"id":4632,"href":"https:\/\/eldiariodesanpedro.com.ar\/sitio\/wp-json\/wp\/v2\/posts\/4625\/revisions\/4632"}],"wp:featuredmedia":[{"embeddable":true,"href":"https:\/\/eldiariodesanpedro.com.ar\/sitio\/wp-json\/wp\/v2\/media\/4626"}],"wp:attachment":[{"href":"https:\/\/eldiariodesanpedro.com.ar\/sitio\/wp-json\/wp\/v2\/media?parent=4625"}],"wp:term":[{"taxonomy":"category","embeddable":true,"href":"https:\/\/eldiariodesanpedro.com.ar\/sitio\/wp-json\/wp\/v2\/categories?post=4625"},{"taxonomy":"post_tag","embeddable":true,"href":"https:\/\/eldiariodesanpedro.com.ar\/sitio\/wp-json\/wp\/v2\/tags?post=4625"}],"curies":[{"name":"wp","href":"https:\/\/api.w.org\/{rel}","templated":true}]}}