{"id":46236,"date":"2019-01-21T13:51:02","date_gmt":"2019-01-21T16:51:02","guid":{"rendered":"https:\/\/eldiariodesanpedro.com.ar\/sitio\/?p=46236"},"modified":"2019-01-21T18:17:53","modified_gmt":"2019-01-21T21:17:53","slug":"se-recuperaron-cuatro-guitarras-de-gran-valor","status":"publish","type":"post","link":"https:\/\/eldiariodesanpedro.com.ar\/sitio\/se-recuperaron-cuatro-guitarras-de-gran-valor\/","title":{"rendered":"Se recuperaron cuatro guitarras de gran valor"},"content":{"rendered":"<!-- VideographyWP Plugin Message: Automatic video embedding prevented by plugin options. -->\n\n<p>A ra\u00edz de una denuncia realizada en la comisar\u00eda local por parte de una mujer concertista musical, que dio cuenta de la sustracci\u00f3n de varios instrumentos de cuerda, y otros efectos, de su domicilio particular ubicado en calle Tucuman al 500, r\u00e1pidamente personal del gabinete criminol\u00f3gico, logr\u00f3 establecer tras distintas averiguaciones, el lugar donde se habr\u00edan ocultado los efectos sustra\u00eddos, y en un r\u00e1pido accionar de la justicia, otorgo orden de allanamiento de urgencia para domicilio en calle san Lorenzo al 500, donde se aprehendi\u00f3 al morador y autor material, un ciudadano de 20 a\u00f1os de edad,  como as\u00ed al secuestro de cuatro guitarras de concierto valoradas en 10.000 d\u00f3lares cada una.<\/p>\n\n\n\n<p> El caco permanece alojado en la comisar\u00eda local, a disposici\u00f3n de la fiscal\u00eda en turno de San Pedro. El delito que se le imputa es de \u00abRobo agravado\u00bb.<\/p>\n\n\n\n<figure class=\"wp-block-image\"><img decoding=\"async\" width=\"960\" height=\"450\" data-attachment-id=\"46265\" data-permalink=\"https:\/\/eldiariodesanpedro.com.ar\/sitio\/se-recuperaron-cuatro-guitarras-de-gran-valor\/whatsapp_image_2019-01-21_at_13-00-49\/\" data-orig-file=\"https:\/\/eldiariodesanpedro.com.ar\/sitio\/wp-content\/uploads\/2019\/01\/whatsapp_image_2019-01-21_at_13.00.49.jpeg\" data-orig-size=\"960,450\" data-comments-opened=\"1\" data-image-meta=\"{&quot;aperture&quot;:&quot;0&quot;,&quot;credit&quot;:&quot;&quot;,&quot;camera&quot;:&quot;&quot;,&quot;caption&quot;:&quot;&quot;,&quot;created_timestamp&quot;:&quot;0&quot;,&quot;copyright&quot;:&quot;&quot;,&quot;focal_length&quot;:&quot;0&quot;,&quot;iso&quot;:&quot;0&quot;,&quot;shutter_speed&quot;:&quot;0&quot;,&quot;title&quot;:&quot;&quot;,&quot;orientation&quot;:&quot;0&quot;}\" data-image-title=\"whatsapp_image_2019-01-21_at_13.00.49\" data-image-description=\"\" data-image-caption=\"\" data-large-file=\"https:\/\/eldiariodesanpedro.com.ar\/sitio\/wp-content\/uploads\/2019\/01\/whatsapp_image_2019-01-21_at_13.00.49.jpeg\" data-src=\"https:\/\/eldiariodesanpedro.com.ar\/sitio\/wp-content\/uploads\/2019\/01\/whatsapp_image_2019-01-21_at_13.00.49.jpeg\" alt=\"\" class=\"wp-image-46265 lazyload\" data-srcset=\"https:\/\/eldiariodesanpedro.com.ar\/sitio\/wp-content\/uploads\/2019\/01\/whatsapp_image_2019-01-21_at_13.00.49.jpeg 960w, https:\/\/eldiariodesanpedro.com.ar\/sitio\/wp-content\/uploads\/2019\/01\/whatsapp_image_2019-01-21_at_13.00.49-300x141.jpeg 300w, https:\/\/eldiariodesanpedro.com.ar\/sitio\/wp-content\/uploads\/2019\/01\/whatsapp_image_2019-01-21_at_13.00.49-768x360.jpeg 768w\" data-sizes=\"(max-width: 960px) 100vw, 960px\" src=\"data:image\/svg+xml;base64,PHN2ZyB3aWR0aD0iMSIgaGVpZ2h0PSIxIiB4bWxucz0iaHR0cDovL3d3dy53My5vcmcvMjAwMC9zdmciPjwvc3ZnPg==\" style=\"--smush-placeholder-width: 960px; --smush-placeholder-aspect-ratio: 960\/450;\" \/><\/figure>\n\n\n\n<figure class=\"wp-block-image\"><img decoding=\"async\" width=\"700\" height=\"1024\" data-attachment-id=\"46238\" data-permalink=\"https:\/\/eldiariodesanpedro.com.ar\/sitio\/se-recuperaron-cuatro-guitarras-de-gran-valor\/whatsapp-image-2019-01-21-at-13-02-36\/\" data-orig-file=\"https:\/\/eldiariodesanpedro.com.ar\/sitio\/wp-content\/uploads\/2019\/01\/WhatsApp-Image-2019-01-21-at-13.02.36.jpeg\" data-orig-size=\"875,1280\" data-comments-opened=\"1\" data-image-meta=\"{&quot;aperture&quot;:&quot;0&quot;,&quot;credit&quot;:&quot;&quot;,&quot;camera&quot;:&quot;&quot;,&quot;caption&quot;:&quot;&quot;,&quot;created_timestamp&quot;:&quot;0&quot;,&quot;copyright&quot;:&quot;&quot;,&quot;focal_length&quot;:&quot;0&quot;,&quot;iso&quot;:&quot;0&quot;,&quot;shutter_speed&quot;:&quot;0&quot;,&quot;title&quot;:&quot;&quot;,&quot;orientation&quot;:&quot;0&quot;}\" data-image-title=\"WhatsApp Image 2019-01-21 at 13.02.36\" data-image-description=\"\" data-image-caption=\"\" data-large-file=\"https:\/\/eldiariodesanpedro.com.ar\/sitio\/wp-content\/uploads\/2019\/01\/WhatsApp-Image-2019-01-21-at-13.02.36-700x1024.jpeg\" data-src=\"https:\/\/eldiariodesanpedro.com.ar\/sitio\/wp-content\/uploads\/2019\/01\/WhatsApp-Image-2019-01-21-at-13.02.36-700x1024.jpeg\" alt=\"\" class=\"wp-image-46238 lazyload\" data-srcset=\"https:\/\/eldiariodesanpedro.com.ar\/sitio\/wp-content\/uploads\/2019\/01\/WhatsApp-Image-2019-01-21-at-13.02.36-700x1024.jpeg 700w, https:\/\/eldiariodesanpedro.com.ar\/sitio\/wp-content\/uploads\/2019\/01\/WhatsApp-Image-2019-01-21-at-13.02.36-205x300.jpeg 205w, https:\/\/eldiariodesanpedro.com.ar\/sitio\/wp-content\/uploads\/2019\/01\/WhatsApp-Image-2019-01-21-at-13.02.36-768x1123.jpeg 768w, https:\/\/eldiariodesanpedro.com.ar\/sitio\/wp-content\/uploads\/2019\/01\/WhatsApp-Image-2019-01-21-at-13.02.36.jpeg 875w\" data-sizes=\"(max-width: 700px) 100vw, 700px\" src=\"data:image\/svg+xml;base64,PHN2ZyB3aWR0aD0iMSIgaGVpZ2h0PSIxIiB4bWxucz0iaHR0cDovL3d3dy53My5vcmcvMjAwMC9zdmciPjwvc3ZnPg==\" style=\"--smush-placeholder-width: 700px; --smush-placeholder-aspect-ratio: 700\/1024;\" \/><\/figure>\n","protected":false},"excerpt":{"rendered":"<p>A ra\u00edz de una denuncia realizada en la comisar\u00eda local por parte de una mujer concertista musical, que dio cuenta de la sustracci\u00f3n de varios instrumentos de cuerda, y otros efectos, de su domicilio particular ubicado en calle Tucuman al 500, r\u00e1pidamente personal del gabinete criminol\u00f3gico, logr\u00f3 establecer tras distintas averiguaciones, el lugar donde se [&hellip;]<\/p>\n","protected":false},"author":4,"featured_media":46237,"comment_status":"open","ping_status":"closed","sticky":false,"template":"","format":"standard","meta":{"om_disable_all_campaigns":false,"_jetpack_memberships_contains_paid_content":false,"footnotes":""},"categories":[50,2,103],"tags":[],"class_list":["post-46236","post","type-post","status-publish","format-standard","has-post-thumbnail","hentry","category-destacadas","category-locales","category-policiales-locales"],"aioseo_notices":[],"gutentor_comment":0,"jetpack_featured_media_url":"https:\/\/eldiariodesanpedro.com.ar\/sitio\/wp-content\/uploads\/2019\/01\/WhatsApp-Image-2019-01-21-at-13.02.36-copia.jpeg","jetpack_shortlink":"https:\/\/wp.me\/p6RhLt-c1K","jetpack_sharing_enabled":true,"_links":{"self":[{"href":"https:\/\/eldiariodesanpedro.com.ar\/sitio\/wp-json\/wp\/v2\/posts\/46236","targetHints":{"allow":["GET"]}}],"collection":[{"href":"https:\/\/eldiariodesanpedro.com.ar\/sitio\/wp-json\/wp\/v2\/posts"}],"about":[{"href":"https:\/\/eldiariodesanpedro.com.ar\/sitio\/wp-json\/wp\/v2\/types\/post"}],"author":[{"embeddable":true,"href":"https:\/\/eldiariodesanpedro.com.ar\/sitio\/wp-json\/wp\/v2\/users\/4"}],"replies":[{"embeddable":true,"href":"https:\/\/eldiariodesanpedro.com.ar\/sitio\/wp-json\/wp\/v2\/comments?post=46236"}],"version-history":[{"count":2,"href":"https:\/\/eldiariodesanpedro.com.ar\/sitio\/wp-json\/wp\/v2\/posts\/46236\/revisions"}],"predecessor-version":[{"id":46266,"href":"https:\/\/eldiariodesanpedro.com.ar\/sitio\/wp-json\/wp\/v2\/posts\/46236\/revisions\/46266"}],"wp:featuredmedia":[{"embeddable":true,"href":"https:\/\/eldiariodesanpedro.com.ar\/sitio\/wp-json\/wp\/v2\/media\/46237"}],"wp:attachment":[{"href":"https:\/\/eldiariodesanpedro.com.ar\/sitio\/wp-json\/wp\/v2\/media?parent=46236"}],"wp:term":[{"taxonomy":"category","embeddable":true,"href":"https:\/\/eldiariodesanpedro.com.ar\/sitio\/wp-json\/wp\/v2\/categories?post=46236"},{"taxonomy":"post_tag","embeddable":true,"href":"https:\/\/eldiariodesanpedro.com.ar\/sitio\/wp-json\/wp\/v2\/tags?post=46236"}],"curies":[{"name":"wp","href":"https:\/\/api.w.org\/{rel}","templated":true}]}}