{"id":46234,"date":"2019-01-21T13:19:28","date_gmt":"2019-01-21T16:19:28","guid":{"rendered":"https:\/\/eldiariodesanpedro.com.ar\/sitio\/?p=46234"},"modified":"2019-01-21T13:19:34","modified_gmt":"2019-01-21T16:19:34","slug":"un-detenido-por-violencia-de-genero","status":"publish","type":"post","link":"https:\/\/eldiariodesanpedro.com.ar\/sitio\/un-detenido-por-violencia-de-genero\/","title":{"rendered":"Un detenido por violencia de g\u00e9nero"},"content":{"rendered":"<!-- VideographyWP Plugin Message: Automatic video embedding prevented by plugin options. -->\n\n<p>Este domingo alrededor de las 21 hs, el personal del gabinete criminol\u00f3gico de la comisar\u00eda de San Pedro, diligenci\u00f3 orden de allanamiento y detenci\u00f3n, donde fue imputado un masculino de 27 a\u00f1os, en domicilio Cruz Roja al 700d. Extendida por Juzgado de Garant\u00edas N\u00b01, en actuaciones por Violencia de G\u00e9nero iniciado Comisaria Mujer San Pedro.<\/p>\n","protected":false},"excerpt":{"rendered":"<p>Este domingo alrededor de las 21 hs, el personal del gabinete criminol\u00f3gico de la comisar\u00eda de San Pedro, diligenci\u00f3 orden de allanamiento y detenci\u00f3n, donde fue imputado un masculino de 27 a\u00f1os, en domicilio Cruz Roja al 700d. Extendida por Juzgado de Garant\u00edas N\u00b01, en actuaciones por Violencia de G\u00e9nero iniciado Comisaria Mujer San Pedro.<\/p>\n","protected":false},"author":4,"featured_media":31829,"comment_status":"open","ping_status":"closed","sticky":false,"template":"","format":"standard","meta":{"om_disable_all_campaigns":false,"_jetpack_memberships_contains_paid_content":false,"footnotes":""},"categories":[2,103],"tags":[],"class_list":["post-46234","post","type-post","status-publish","format-standard","has-post-thumbnail","hentry","category-locales","category-policiales-locales"],"aioseo_notices":[],"gutentor_comment":0,"jetpack_featured_media_url":"https:\/\/eldiariodesanpedro.com.ar\/sitio\/wp-content\/uploads\/2018\/04\/detenido_658x400_0.jpg","jetpack_shortlink":"https:\/\/wp.me\/p6RhLt-c1I","jetpack_sharing_enabled":true,"_links":{"self":[{"href":"https:\/\/eldiariodesanpedro.com.ar\/sitio\/wp-json\/wp\/v2\/posts\/46234","targetHints":{"allow":["GET"]}}],"collection":[{"href":"https:\/\/eldiariodesanpedro.com.ar\/sitio\/wp-json\/wp\/v2\/posts"}],"about":[{"href":"https:\/\/eldiariodesanpedro.com.ar\/sitio\/wp-json\/wp\/v2\/types\/post"}],"author":[{"embeddable":true,"href":"https:\/\/eldiariodesanpedro.com.ar\/sitio\/wp-json\/wp\/v2\/users\/4"}],"replies":[{"embeddable":true,"href":"https:\/\/eldiariodesanpedro.com.ar\/sitio\/wp-json\/wp\/v2\/comments?post=46234"}],"version-history":[{"count":1,"href":"https:\/\/eldiariodesanpedro.com.ar\/sitio\/wp-json\/wp\/v2\/posts\/46234\/revisions"}],"predecessor-version":[{"id":46235,"href":"https:\/\/eldiariodesanpedro.com.ar\/sitio\/wp-json\/wp\/v2\/posts\/46234\/revisions\/46235"}],"wp:featuredmedia":[{"embeddable":true,"href":"https:\/\/eldiariodesanpedro.com.ar\/sitio\/wp-json\/wp\/v2\/media\/31829"}],"wp:attachment":[{"href":"https:\/\/eldiariodesanpedro.com.ar\/sitio\/wp-json\/wp\/v2\/media?parent=46234"}],"wp:term":[{"taxonomy":"category","embeddable":true,"href":"https:\/\/eldiariodesanpedro.com.ar\/sitio\/wp-json\/wp\/v2\/categories?post=46234"},{"taxonomy":"post_tag","embeddable":true,"href":"https:\/\/eldiariodesanpedro.com.ar\/sitio\/wp-json\/wp\/v2\/tags?post=46234"}],"curies":[{"name":"wp","href":"https:\/\/api.w.org\/{rel}","templated":true}]}}