{"id":46232,"date":"2019-01-21T13:08:46","date_gmt":"2019-01-21T16:08:46","guid":{"rendered":"https:\/\/eldiariodesanpedro.com.ar\/sitio\/?p=46232"},"modified":"2019-01-21T13:08:52","modified_gmt":"2019-01-21T16:08:52","slug":"robo-de-una-bicicleta-en-una-vivienda","status":"publish","type":"post","link":"https:\/\/eldiariodesanpedro.com.ar\/sitio\/robo-de-una-bicicleta-en-una-vivienda\/","title":{"rendered":"Robo de una bicicleta en una vivienda"},"content":{"rendered":"<!-- VideographyWP Plugin Message: Automatic video embedding prevented by plugin options. -->\n\n<p>Este domingo en horas de la madrugada se produjo el robo de una bicicleta dentro de una vivienda.<\/p>\n\n\n\n<p>Una mujer de 61 a\u00f1os realiz\u00f3 la denuncia en la comisar\u00eda local, que en su lugar de trabajo vivienda particular ubicada en calle Ituzaing\u00f3 altura 1500, sujetos ignorados ingresan a la misma previo\u00a0romper la cerradura puerta de ingreso y sustraen una bicicleta de color blanca de dama.<br><\/p>\n\n\n\n<p>Interviene UFI 11, conocimiento dispone, peritos al lugar del hecho.<\/p>\n","protected":false},"excerpt":{"rendered":"<p>Este domingo en horas de la madrugada se produjo el robo de una bicicleta dentro de una vivienda. Una mujer de 61 a\u00f1os realiz\u00f3 la denuncia en la comisar\u00eda local, que en su lugar de trabajo vivienda particular ubicada en calle Ituzaing\u00f3 altura 1500, sujetos ignorados ingresan a la misma previo\u00a0romper la cerradura puerta de [&hellip;]<\/p>\n","protected":false},"author":4,"featured_media":26677,"comment_status":"open","ping_status":"closed","sticky":false,"template":"","format":"standard","meta":{"om_disable_all_campaigns":false,"_jetpack_memberships_contains_paid_content":false,"footnotes":""},"categories":[2,103],"tags":[],"class_list":["post-46232","post","type-post","status-publish","format-standard","has-post-thumbnail","hentry","category-locales","category-policiales-locales"],"aioseo_notices":[],"gutentor_comment":0,"jetpack_featured_media_url":"https:\/\/eldiariodesanpedro.com.ar\/sitio\/wp-content\/uploads\/2017\/12\/patrullas-policia-noche.jpg","jetpack_shortlink":"https:\/\/wp.me\/p6RhLt-c1G","jetpack_sharing_enabled":true,"_links":{"self":[{"href":"https:\/\/eldiariodesanpedro.com.ar\/sitio\/wp-json\/wp\/v2\/posts\/46232","targetHints":{"allow":["GET"]}}],"collection":[{"href":"https:\/\/eldiariodesanpedro.com.ar\/sitio\/wp-json\/wp\/v2\/posts"}],"about":[{"href":"https:\/\/eldiariodesanpedro.com.ar\/sitio\/wp-json\/wp\/v2\/types\/post"}],"author":[{"embeddable":true,"href":"https:\/\/eldiariodesanpedro.com.ar\/sitio\/wp-json\/wp\/v2\/users\/4"}],"replies":[{"embeddable":true,"href":"https:\/\/eldiariodesanpedro.com.ar\/sitio\/wp-json\/wp\/v2\/comments?post=46232"}],"version-history":[{"count":1,"href":"https:\/\/eldiariodesanpedro.com.ar\/sitio\/wp-json\/wp\/v2\/posts\/46232\/revisions"}],"predecessor-version":[{"id":46233,"href":"https:\/\/eldiariodesanpedro.com.ar\/sitio\/wp-json\/wp\/v2\/posts\/46232\/revisions\/46233"}],"wp:featuredmedia":[{"embeddable":true,"href":"https:\/\/eldiariodesanpedro.com.ar\/sitio\/wp-json\/wp\/v2\/media\/26677"}],"wp:attachment":[{"href":"https:\/\/eldiariodesanpedro.com.ar\/sitio\/wp-json\/wp\/v2\/media?parent=46232"}],"wp:term":[{"taxonomy":"category","embeddable":true,"href":"https:\/\/eldiariodesanpedro.com.ar\/sitio\/wp-json\/wp\/v2\/categories?post=46232"},{"taxonomy":"post_tag","embeddable":true,"href":"https:\/\/eldiariodesanpedro.com.ar\/sitio\/wp-json\/wp\/v2\/tags?post=46232"}],"curies":[{"name":"wp","href":"https:\/\/api.w.org\/{rel}","templated":true}]}}