{"id":46223,"date":"2019-01-21T09:19:05","date_gmt":"2019-01-21T12:19:05","guid":{"rendered":"https:\/\/eldiariodesanpedro.com.ar\/sitio\/?p=46223"},"modified":"2019-01-21T19:58:37","modified_gmt":"2019-01-21T22:58:37","slug":"30-familias-usurparon-un-terreno-hubo-disparos-con-la-policia","status":"publish","type":"post","link":"https:\/\/eldiariodesanpedro.com.ar\/sitio\/30-familias-usurparon-un-terreno-hubo-disparos-con-la-policia\/","title":{"rendered":"30 familias usurparon un terreno, hubo disparos con la polic\u00eda"},"content":{"rendered":"<!-- VideographyWP Plugin Message: Automatic video embedding prevented by plugin options. -->\n\n<p>En la noche del sabado, se produjo una toma en un terreno bald\u00edo ubicado entre las calles Las Provincias e\/ Brennan y Bozzano. El lugar se encuentra en contrato de alquiler con la Municipalidad de San Pedro para usos m\u00faltiples. La polic\u00eda fue alertada a trav\u00e9s de un llamado por el 911.<\/p>\n\n\n\n<p>Carpas y construcciones precarias se ve\u00eda en el predio, ni\u00f1os y adultos, todos resistiendo a tener su lugar.<\/p>\n\n\n\n<p>Fue en la noche del sabado, alrededor de las 21 hs, todos juntos comenzaron esta usurpaci\u00f3n, seg\u00fan ellos, por decisi\u00f3n propia; son familias j\u00f3venes, \u201cnadie nos manda, queremos tener nuestra casa y queremos que nos den la posibilidad de pagar el lugar\u201d, expres\u00f3 un integrante a este medio.<\/p>\n\n\n\n<p>El predio est\u00e1 ubicado donde era la ex cancha infantil del club Independiente, sobre las calles Las Provincias entre Brennan y Bozzano. Actualmente estaba desocupado y con pastizales altos seg\u00fan nos comentaron los ocupantes que en el lugar era ocupado por delincuentes para descartarlos cosas robadas y adem\u00e1s de un foco infeccioso para criar ratas y bichos.<\/p>\n\n\n\n<p>\u201cHabia hasta perros muertos, mugre, los pastos nos llegaban a la cintura, nos metimos, si \u2026 pero lo limpiamos y lo vamos a mantener impecable, necesitamos hacer nuestra casita, tengo mi familia, los nenes chiquitos y no tenemos a donde ir\u201d, expres\u00f3 otro joven al Diario de San Pedro.<\/p>\n\n\n\n<p>La propietaria, una mujer mayor de edad, se present\u00f3 en la dependencia local y dijo que el lugar se encuentra en contrato de alquiler con la Municipalidad de San Pedro para usos m\u00faltiples.<\/p>\n\n\n\n<p>Segun la version oficial de la policia al llegar el movil policial, a primeras horas del d\u00eda domingo, inicio su recorrida por la zona en cuesti\u00f3n, y en pos de identificar a ocupantes ilegales en el predio, son sorprendidos a los tiros por un sujeto, que efect\u00faa disparos e intent\u00f3 darse a la fuga, pero los efectivos responden al ataque y logran reducirlo r\u00e1pidamente. En su poder se le secuestro un arma de fuego tipo revolver con varias vainas servidas y un cartucho a\u00fan intacto.<\/p>\n\n\n\n<p>Seg\u00fan dialogamos con las personas que se encuentran en el lugar nos comentaron que lo ocurrido entre la polic\u00eda y un hombre, no sucedi\u00f3 en el lugar y tampoco fueron las personas que est\u00e1n usurpando, quien dispar\u00f3 fue reducido en calle Brenan al 1400 a dos cuadras del terreno; la madre de la persona aprehendida que se encuentra tambi\u00e9n utilizando un pedazo de tierra coment\u00f3: \u00abEl que dispar\u00f3 fue mi hijo, pero en realidad no era un problema con la polic\u00eda, era un problema de vieja data con otra persona que est\u00e1 ac\u00e1. El antes que llegue la polic\u00eda tuvo una discusi\u00f3n con el muchacho en cuesti\u00f3n y se fue a buscar un rev\u00f3lver. Volvi\u00f3 cuando la polic\u00eda ya estaba y tir\u00f3 dos tiros al aire pero fuera del terreno, sobre la calle, por lo que la policia actuo rapidamente lo persigui\u00f3 cuando se daba a la fuga y lo redujo a dos cuadras, le pegaron un mont\u00f3n de disparos de balas de goma y uno en la pierna de 9 mm, en este momento est\u00e1 internado en el hospital y no me dejan verlo; de cualquier manera mi hijo no ten\u00eda nada que ver con la usurpaci\u00f3n\u00bb.<\/p>\n\n\n\n<p>El Personal policial result\u00f3 ileso, el delincuente, un hombre de 29 a\u00f1os de edad, permanece aprehendido e internado en el nosocomio local a disposici\u00f3n de la fiscal\u00eda en turno de San Pedro.<\/p>\n\n\n\n<p>El predio contin\u00faa ocupado y las personas que se encuentran en el predio reclaman que se los den a ellos el lugar, que seg\u00fan averiguaron el mismo debe 18 a\u00f1os de impuestos y hace 5 a\u00f1os que no era limpiado debidamente.<\/p>\n\n\n\n<figure class=\"wp-block-image\"><img decoding=\"async\" width=\"1024\" height=\"498\" data-attachment-id=\"46251\" data-permalink=\"https:\/\/eldiariodesanpedro.com.ar\/sitio\/20190121_104906\/\" data-orig-file=\"https:\/\/eldiariodesanpedro.com.ar\/sitio\/wp-content\/uploads\/2019\/01\/20190121_104906-e1548105561374.jpg\" data-orig-size=\"1200,583\" data-comments-opened=\"1\" data-image-meta=\"{&quot;aperture&quot;:&quot;1.7&quot;,&quot;credit&quot;:&quot;&quot;,&quot;camera&quot;:&quot;SM-N950F&quot;,&quot;caption&quot;:&quot;&quot;,&quot;created_timestamp&quot;:&quot;1548067746&quot;,&quot;copyright&quot;:&quot;&quot;,&quot;focal_length&quot;:&quot;4.3&quot;,&quot;iso&quot;:&quot;40&quot;,&quot;shutter_speed&quot;:&quot;0.00046296296296296&quot;,&quot;title&quot;:&quot;&quot;,&quot;orientation&quot;:&quot;1&quot;}\" data-image-title=\"20190121_104906\" data-image-description=\"\" data-image-caption=\"\" data-large-file=\"https:\/\/eldiariodesanpedro.com.ar\/sitio\/wp-content\/uploads\/2019\/01\/20190121_104906-1024x498.jpg\" data-src=\"https:\/\/eldiariodesanpedro.com.ar\/sitio\/wp-content\/uploads\/2019\/01\/20190121_104906-1024x498.jpg\" alt=\"\" class=\"wp-image-46251 lazyload\" src=\"data:image\/svg+xml;base64,PHN2ZyB3aWR0aD0iMSIgaGVpZ2h0PSIxIiB4bWxucz0iaHR0cDovL3d3dy53My5vcmcvMjAwMC9zdmciPjwvc3ZnPg==\" style=\"--smush-placeholder-width: 1024px; --smush-placeholder-aspect-ratio: 1024\/498;\" \/><\/figure>\n\n\n\n<figure class=\"wp-block-image\"><img decoding=\"async\" width=\"1024\" height=\"498\" data-attachment-id=\"46250\" data-permalink=\"https:\/\/eldiariodesanpedro.com.ar\/sitio\/20190121_104950\/\" data-orig-file=\"https:\/\/eldiariodesanpedro.com.ar\/sitio\/wp-content\/uploads\/2019\/01\/20190121_104950-e1548105571961.jpg\" data-orig-size=\"1200,583\" data-comments-opened=\"1\" data-image-meta=\"{&quot;aperture&quot;:&quot;1.7&quot;,&quot;credit&quot;:&quot;&quot;,&quot;camera&quot;:&quot;SM-N950F&quot;,&quot;caption&quot;:&quot;&quot;,&quot;created_timestamp&quot;:&quot;1548067790&quot;,&quot;copyright&quot;:&quot;&quot;,&quot;focal_length&quot;:&quot;4.3&quot;,&quot;iso&quot;:&quot;40&quot;,&quot;shutter_speed&quot;:&quot;0.00047709923664122&quot;,&quot;title&quot;:&quot;&quot;,&quot;orientation&quot;:&quot;1&quot;}\" data-image-title=\"20190121_104950\" data-image-description=\"\" data-image-caption=\"\" data-large-file=\"https:\/\/eldiariodesanpedro.com.ar\/sitio\/wp-content\/uploads\/2019\/01\/20190121_104950-1024x498.jpg\" data-src=\"https:\/\/eldiariodesanpedro.com.ar\/sitio\/wp-content\/uploads\/2019\/01\/20190121_104950-1024x498.jpg\" alt=\"\" class=\"wp-image-46250 lazyload\" src=\"data:image\/svg+xml;base64,PHN2ZyB3aWR0aD0iMSIgaGVpZ2h0PSIxIiB4bWxucz0iaHR0cDovL3d3dy53My5vcmcvMjAwMC9zdmciPjwvc3ZnPg==\" style=\"--smush-placeholder-width: 1024px; --smush-placeholder-aspect-ratio: 1024\/498;\" \/><\/figure>\n\n\n\n<figure class=\"wp-block-image\"><img decoding=\"async\" width=\"1024\" height=\"498\" data-attachment-id=\"46249\" data-permalink=\"https:\/\/eldiariodesanpedro.com.ar\/sitio\/20190121_102437\/\" data-orig-file=\"https:\/\/eldiariodesanpedro.com.ar\/sitio\/wp-content\/uploads\/2019\/01\/20190121_102437-e1548105537789.jpg\" data-orig-size=\"1200,583\" data-comments-opened=\"1\" data-image-meta=\"{&quot;aperture&quot;:&quot;1.7&quot;,&quot;credit&quot;:&quot;&quot;,&quot;camera&quot;:&quot;SM-N950F&quot;,&quot;caption&quot;:&quot;&quot;,&quot;created_timestamp&quot;:&quot;1548066277&quot;,&quot;copyright&quot;:&quot;&quot;,&quot;focal_length&quot;:&quot;4.3&quot;,&quot;iso&quot;:&quot;40&quot;,&quot;shutter_speed&quot;:&quot;0.00041946308724832&quot;,&quot;title&quot;:&quot;&quot;,&quot;orientation&quot;:&quot;1&quot;}\" data-image-title=\"20190121_102437\" data-image-description=\"\" data-image-caption=\"\" data-large-file=\"https:\/\/eldiariodesanpedro.com.ar\/sitio\/wp-content\/uploads\/2019\/01\/20190121_102437-1024x498.jpg\" data-src=\"https:\/\/eldiariodesanpedro.com.ar\/sitio\/wp-content\/uploads\/2019\/01\/20190121_102437-1024x498.jpg\" alt=\"\" class=\"wp-image-46249 lazyload\" src=\"data:image\/svg+xml;base64,PHN2ZyB3aWR0aD0iMSIgaGVpZ2h0PSIxIiB4bWxucz0iaHR0cDovL3d3dy53My5vcmcvMjAwMC9zdmciPjwvc3ZnPg==\" style=\"--smush-placeholder-width: 1024px; --smush-placeholder-aspect-ratio: 1024\/498;\" \/><\/figure>\n\n\n\n<figure class=\"wp-block-image\"><img decoding=\"async\" width=\"960\" height=\"1280\" data-attachment-id=\"46225\" data-permalink=\"https:\/\/eldiariodesanpedro.com.ar\/sitio\/30-familias-usurparon-un-terreno-hubo-disparos-con-la-policia\/whatsapp-image-2019-01-20-at-11-27-47\/\" data-orig-file=\"https:\/\/eldiariodesanpedro.com.ar\/sitio\/wp-content\/uploads\/2019\/01\/WhatsApp-Image-2019-01-20-at-11.27.47.jpeg\" data-orig-size=\"960,1280\" data-comments-opened=\"1\" data-image-meta=\"{&quot;aperture&quot;:&quot;0&quot;,&quot;credit&quot;:&quot;&quot;,&quot;camera&quot;:&quot;&quot;,&quot;caption&quot;:&quot;&quot;,&quot;created_timestamp&quot;:&quot;0&quot;,&quot;copyright&quot;:&quot;&quot;,&quot;focal_length&quot;:&quot;0&quot;,&quot;iso&quot;:&quot;0&quot;,&quot;shutter_speed&quot;:&quot;0&quot;,&quot;title&quot;:&quot;&quot;,&quot;orientation&quot;:&quot;0&quot;}\" data-image-title=\"WhatsApp Image 2019-01-20 at 11.27.47\" data-image-description=\"\" data-image-caption=\"\" data-large-file=\"https:\/\/eldiariodesanpedro.com.ar\/sitio\/wp-content\/uploads\/2019\/01\/WhatsApp-Image-2019-01-20-at-11.27.47-768x1024.jpeg\" data-src=\"https:\/\/i2.wp.com\/eldiariodesanpedro.com.ar\/sitio\/wp-content\/uploads\/2019\/01\/WhatsApp-Image-2019-01-20-at-11.27.47.jpeg?fit=660%2C880\" alt=\"\" class=\"wp-image-46225 lazyload\" data-srcset=\"https:\/\/eldiariodesanpedro.com.ar\/sitio\/wp-content\/uploads\/2019\/01\/WhatsApp-Image-2019-01-20-at-11.27.47.jpeg 960w, https:\/\/eldiariodesanpedro.com.ar\/sitio\/wp-content\/uploads\/2019\/01\/WhatsApp-Image-2019-01-20-at-11.27.47-225x300.jpeg 225w, https:\/\/eldiariodesanpedro.com.ar\/sitio\/wp-content\/uploads\/2019\/01\/WhatsApp-Image-2019-01-20-at-11.27.47-768x1024.jpeg 768w\" data-sizes=\"(max-width: 960px) 100vw, 960px\" src=\"data:image\/svg+xml;base64,PHN2ZyB3aWR0aD0iMSIgaGVpZ2h0PSIxIiB4bWxucz0iaHR0cDovL3d3dy53My5vcmcvMjAwMC9zdmciPjwvc3ZnPg==\" style=\"--smush-placeholder-width: 960px; --smush-placeholder-aspect-ratio: 960\/1280;\" \/><figcaption>Arma secuestrada al aprehendido<br><br><\/figcaption><\/figure>\n\n\n\n<p><\/p>\n","protected":false},"excerpt":{"rendered":"<p>En la noche del sabado, se produjo una toma en un terreno bald\u00edo ubicado entre las calles Las Provincias e\/ Brennan y Bozzano. El lugar se encuentra en contrato de alquiler con la Municipalidad de San Pedro para usos m\u00faltiples. La polic\u00eda fue alertada a trav\u00e9s de un llamado por el 911. Carpas y construcciones [&hellip;]<\/p>\n","protected":false},"author":4,"featured_media":46248,"comment_status":"open","ping_status":"closed","sticky":false,"template":"","format":"standard","meta":{"om_disable_all_campaigns":false,"_jetpack_memberships_contains_paid_content":false,"footnotes":""},"categories":[50,2,103],"tags":[],"class_list":["post-46223","post","type-post","status-publish","format-standard","has-post-thumbnail","hentry","category-destacadas","category-locales","category-policiales-locales"],"aioseo_notices":[],"gutentor_comment":0,"jetpack_featured_media_url":"https:\/\/eldiariodesanpedro.com.ar\/sitio\/wp-content\/uploads\/2019\/01\/20190121_104921-e1548105589162.jpg","jetpack_shortlink":"https:\/\/wp.me\/p6RhLt-c1x","jetpack_sharing_enabled":true,"_links":{"self":[{"href":"https:\/\/eldiariodesanpedro.com.ar\/sitio\/wp-json\/wp\/v2\/posts\/46223","targetHints":{"allow":["GET"]}}],"collection":[{"href":"https:\/\/eldiariodesanpedro.com.ar\/sitio\/wp-json\/wp\/v2\/posts"}],"about":[{"href":"https:\/\/eldiariodesanpedro.com.ar\/sitio\/wp-json\/wp\/v2\/types\/post"}],"author":[{"embeddable":true,"href":"https:\/\/eldiariodesanpedro.com.ar\/sitio\/wp-json\/wp\/v2\/users\/4"}],"replies":[{"embeddable":true,"href":"https:\/\/eldiariodesanpedro.com.ar\/sitio\/wp-json\/wp\/v2\/comments?post=46223"}],"version-history":[{"count":5,"href":"https:\/\/eldiariodesanpedro.com.ar\/sitio\/wp-json\/wp\/v2\/posts\/46223\/revisions"}],"predecessor-version":[{"id":46277,"href":"https:\/\/eldiariodesanpedro.com.ar\/sitio\/wp-json\/wp\/v2\/posts\/46223\/revisions\/46277"}],"wp:featuredmedia":[{"embeddable":true,"href":"https:\/\/eldiariodesanpedro.com.ar\/sitio\/wp-json\/wp\/v2\/media\/46248"}],"wp:attachment":[{"href":"https:\/\/eldiariodesanpedro.com.ar\/sitio\/wp-json\/wp\/v2\/media?parent=46223"}],"wp:term":[{"taxonomy":"category","embeddable":true,"href":"https:\/\/eldiariodesanpedro.com.ar\/sitio\/wp-json\/wp\/v2\/categories?post=46223"},{"taxonomy":"post_tag","embeddable":true,"href":"https:\/\/eldiariodesanpedro.com.ar\/sitio\/wp-json\/wp\/v2\/tags?post=46223"}],"curies":[{"name":"wp","href":"https:\/\/api.w.org\/{rel}","templated":true}]}}