{"id":4620,"date":"2016-05-22T22:26:50","date_gmt":"2016-05-23T01:26:50","guid":{"rendered":"https:\/\/eldiariodesanpedro.com.ar\/sitio\/?p=4620"},"modified":"2016-05-22T22:26:50","modified_gmt":"2016-05-23T01:26:50","slug":"atropello-mato-y-huyo","status":"publish","type":"post","link":"https:\/\/eldiariodesanpedro.com.ar\/sitio\/atropello-mato-y-huyo\/","title":{"rendered":"Atropell\u00f3, mat\u00f3 y huy\u00f3"},"content":{"rendered":"<p><!-- VideographyWP Plugin Message: Automatic video embedding prevented by plugin options. --><br \/>\nEl terrible accidente ocurri\u00f3 en el camino Crucero Gral. Belgrano, entre Caseros y Frers, en la madrugada de este domingo, promediando las 4.20, y dej\u00f3 como saldo un joven fallecido y otro en grave estado, internado en Terapia Intensiva.<br \/>\nA\u00fan se investiga c\u00f3mo ocurri\u00f3 el siniestro, sin embargo, por el golpe que tiene el veh\u00edculo se cree que podr\u00eda haber impactado al rodado menor por detr\u00e1s. Lo cierto es que el conductor del VW Gol huy\u00f3 y dej\u00f3 abandonadas a las dos v\u00edctimas.<br \/>\nUna ambulancia del Servicio de Emergencias 107 deriv\u00f3 al Hospital a ambos accidentados. All\u00ed se identific\u00f3 al fallecido como Sebasti\u00e1n Mi\u00f1o, de 27 a\u00f1os, quien hab\u00eda sufrido una fractura expuesta frontopariental y una contusi\u00f3n pulmonar. Mientras que el otro a\u00fan permanece internado con un fuerte traumatismo de cr\u00e1neo.<br \/>\n\u201cSe dirig\u00edan por calle Crucero Gral. Belgrano, circulaba una moto tipo 110 con dos personas, al pasar calle Caseros ellos circulaban en direcci\u00f3n hacia la ruta 1001, hacia tres de Febrero, al pasar calle Caseros son embestidos por atr\u00e1s por un autom\u00f3vil que se dio a la fuga\u201d, manifest\u00f3 el subcomisario Juan Catalano.<br \/>\nY agreg\u00f3: \u201cA ra\u00edz del impacto, el conductor [de la moto] sufre una fractura de clav\u00edcula y un traumatismo de cr\u00e1neo y el acompa\u00f1ante sufre graves lesiones, los dos son trasladados al hospital y en el hospital pierde la vida el acompa\u00f1ante\u201d.<br \/>\n\u201cPor testimonios que se recepcionaron y declaraciones de testigos, se pudo establecer que el autom\u00f3vil que habr\u00eda embestido y se dio a la fuga ser\u00eda un Gol color gris de dos puertas y ese autom\u00f3vil fue ubicado cerca de las 9 de la ma\u00f1ana por calle 25 de Mayo a la altura del 200\u201d, indic\u00f3 Catalano y a\u00f1adi\u00f3 que el conductor y propietario \u201cviv\u00eda a media cuadra de donde estaba estacionado, as\u00ed que se lo ubic\u00f3 y fue trasladado junto con el rodado\u201d. El mismo seria un docente de 33 a\u00f1os que en a\u00f1os anteriores ya habria tenido problemas con su vehiculo por conducir alcoholizado.<br \/>\nSe obtuvo muestra sangu\u00ednea para determinar el nivel de alcoholemia en sangre, en tanto que se encuentra detenido por homicidio culposo. Cabe destacar que investiga la UFI N\u00ba 11 lo ocurrido.<\/p>\n<p>&nbsp;<\/p>\n<p><img decoding=\"async\" data-attachment-id=\"4621\" data-permalink=\"https:\/\/eldiariodesanpedro.com.ar\/sitio\/atropello-mato-y-huyo\/pagina-3-01-11\/\" data-orig-file=\"https:\/\/eldiariodesanpedro.com.ar\/sitio\/wp-content\/uploads\/2016\/05\/PAGINA-3-01-4.jpg\" data-orig-size=\"803,495\" data-comments-opened=\"1\" data-image-meta=\"{&quot;aperture&quot;:&quot;0&quot;,&quot;credit&quot;:&quot;&quot;,&quot;camera&quot;:&quot;&quot;,&quot;caption&quot;:&quot;&quot;,&quot;created_timestamp&quot;:&quot;0&quot;,&quot;copyright&quot;:&quot;&quot;,&quot;focal_length&quot;:&quot;0&quot;,&quot;iso&quot;:&quot;0&quot;,&quot;shutter_speed&quot;:&quot;0&quot;,&quot;title&quot;:&quot;&quot;,&quot;orientation&quot;:&quot;0&quot;}\" data-image-title=\"PAGINA 3 01\" data-image-description=\"\" data-image-caption=\"\" data-large-file=\"https:\/\/eldiariodesanpedro.com.ar\/sitio\/wp-content\/uploads\/2016\/05\/PAGINA-3-01-4.jpg\" class=\"alignnone size-full wp-image-4621 lazyload\" data-src=\"https:\/\/eldiariodesanpedro.com.ar\/sitio\/wp-content\/uploads\/2016\/05\/PAGINA-3-01-4.jpg\" alt=\"PAGINA 3 01\" width=\"803\" height=\"495\" data-srcset=\"https:\/\/eldiariodesanpedro.com.ar\/sitio\/wp-content\/uploads\/2016\/05\/PAGINA-3-01-4.jpg 803w, https:\/\/eldiariodesanpedro.com.ar\/sitio\/wp-content\/uploads\/2016\/05\/PAGINA-3-01-4-300x185.jpg 300w, https:\/\/eldiariodesanpedro.com.ar\/sitio\/wp-content\/uploads\/2016\/05\/PAGINA-3-01-4-768x473.jpg 768w\" data-sizes=\"(max-width: 803px) 100vw, 803px\" src=\"data:image\/svg+xml;base64,PHN2ZyB3aWR0aD0iMSIgaGVpZ2h0PSIxIiB4bWxucz0iaHR0cDovL3d3dy53My5vcmcvMjAwMC9zdmciPjwvc3ZnPg==\" style=\"--smush-placeholder-width: 803px; --smush-placeholder-aspect-ratio: 803\/495;\" \/><\/p>\n","protected":false},"excerpt":{"rendered":"<p>El terrible accidente ocurri\u00f3 en el camino Crucero Gral. Belgrano, entre Caseros y Frers, en la madrugada de este domingo, promediando las 4.20, y dej\u00f3 como saldo un joven fallecido y otro en grave estado, internado en Terapia Intensiva. A\u00fan se investiga c\u00f3mo ocurri\u00f3 el siniestro, sin embargo, por el golpe que tiene el veh\u00edculo [&hellip;]<\/p>\n","protected":false},"author":4,"featured_media":4622,"comment_status":"open","ping_status":"closed","sticky":false,"template":"","format":"standard","meta":{"om_disable_all_campaigns":false,"_jetpack_memberships_contains_paid_content":false,"footnotes":""},"categories":[50,2,103],"tags":[],"class_list":["post-4620","post","type-post","status-publish","format-standard","has-post-thumbnail","hentry","category-destacadas","category-locales","category-policiales-locales"],"aioseo_notices":[],"gutentor_comment":0,"jetpack_featured_media_url":"https:\/\/eldiariodesanpedro.com.ar\/sitio\/wp-content\/uploads\/2016\/05\/PAGINA-3-02-4.jpg","jetpack_shortlink":"https:\/\/wp.me\/p6RhLt-1cw","jetpack_sharing_enabled":true,"_links":{"self":[{"href":"https:\/\/eldiariodesanpedro.com.ar\/sitio\/wp-json\/wp\/v2\/posts\/4620","targetHints":{"allow":["GET"]}}],"collection":[{"href":"https:\/\/eldiariodesanpedro.com.ar\/sitio\/wp-json\/wp\/v2\/posts"}],"about":[{"href":"https:\/\/eldiariodesanpedro.com.ar\/sitio\/wp-json\/wp\/v2\/types\/post"}],"author":[{"embeddable":true,"href":"https:\/\/eldiariodesanpedro.com.ar\/sitio\/wp-json\/wp\/v2\/users\/4"}],"replies":[{"embeddable":true,"href":"https:\/\/eldiariodesanpedro.com.ar\/sitio\/wp-json\/wp\/v2\/comments?post=4620"}],"version-history":[{"count":1,"href":"https:\/\/eldiariodesanpedro.com.ar\/sitio\/wp-json\/wp\/v2\/posts\/4620\/revisions"}],"predecessor-version":[{"id":4623,"href":"https:\/\/eldiariodesanpedro.com.ar\/sitio\/wp-json\/wp\/v2\/posts\/4620\/revisions\/4623"}],"wp:featuredmedia":[{"embeddable":true,"href":"https:\/\/eldiariodesanpedro.com.ar\/sitio\/wp-json\/wp\/v2\/media\/4622"}],"wp:attachment":[{"href":"https:\/\/eldiariodesanpedro.com.ar\/sitio\/wp-json\/wp\/v2\/media?parent=4620"}],"wp:term":[{"taxonomy":"category","embeddable":true,"href":"https:\/\/eldiariodesanpedro.com.ar\/sitio\/wp-json\/wp\/v2\/categories?post=4620"},{"taxonomy":"post_tag","embeddable":true,"href":"https:\/\/eldiariodesanpedro.com.ar\/sitio\/wp-json\/wp\/v2\/tags?post=4620"}],"curies":[{"name":"wp","href":"https:\/\/api.w.org\/{rel}","templated":true}]}}