{"id":4614,"date":"2016-05-22T22:23:34","date_gmt":"2016-05-23T01:23:34","guid":{"rendered":"https:\/\/eldiariodesanpedro.com.ar\/sitio\/?p=4614"},"modified":"2016-05-22T22:23:34","modified_gmt":"2016-05-23T01:23:34","slug":"causa-privacion-ilegal-de-la-libertad-los-menores-aseguraron-que-no-hubo-violencia","status":"publish","type":"post","link":"https:\/\/eldiariodesanpedro.com.ar\/sitio\/causa-privacion-ilegal-de-la-libertad-los-menores-aseguraron-que-no-hubo-violencia\/","title":{"rendered":"Causa Privaci\u00f3n Ilegal de la Libertad: Los menores aseguraron que no hubo violencia"},"content":{"rendered":"<p><!-- VideographyWP Plugin Message: Automatic video embedding prevented by plugin options. --><br \/>\nLos menores y la joven de 18 que tambi\u00e9n se hallaban en el lugar el d\u00eda del procedimiento realizado por la polic\u00eda fueron puestos al resguardo. Al ser entrevistados por \u201ccuatro profesionales del servicio, trabajadores sociales y psic\u00f3logos\u201d, no manifestaron ser v\u00edctimas de violencia por parte de sus abuelos, explic\u00f3 la secretaria de Desarrollo Humano, Karina Chiarella, a trav\u00e9s de la Radio 92.3.<br \/>\n\u201cEl m\u00e9dico de polic\u00eda no constat\u00f3 ning\u00fan tipo de lesi\u00f3n, ni se\u00f1ales de abuso, para con la persona denunciante y en relaci\u00f3n a los ni\u00f1os\u201d, asever\u00f3 la funcionaria.<br \/>\nEn tanto que \u201cfueron reubicados con familiares que no son estos abuelos de Pueblo Doyle. En el caso de la persona denunciante, todav\u00eda sigue estando en resguardo por su seguridad con su hijo\u201d, aclar\u00f3 y a\u00f1adi\u00f3 que \u201cva recibir el acompa\u00f1amiento psicol\u00f3gico de los profesionales de la UCEF\u201d.<br \/>\nAsimismo, Chiarella relat\u00f3: \u201cPero s\u00ed hab\u00eda una situaci\u00f3n sanitaria que indicar\u00eda negligencia por parte parte de estos abuelos. Falta de higiene y otras cuestiones que tienen que ver con eso\u201d.<br \/>\n\u201cEs una familia conocida y que ha tenido muchas intervenciones por parte del Servicio Local desde hace muchos a\u00f1os y particularmente el mi\u00e9rcoles hab\u00eda estado una trabajadora social en el domicilio de esta familia porque hab\u00edan manifestado una necesidad en el tema de alimentos\u201d, agreg\u00f3.<br \/>\nLa denunciada, la familia Bianchi, tiene antecedentes delictivos importantes. Como ya lo mencionamos, la pareja de la joven cautiva se encuentra preso en el penal de San Nicol\u00e1s por abusar de su hija menor de edad. Pero la cuesti\u00f3n no queda all\u00ed, otro de los hijos falleci\u00f3 hace tiempo luego de un enfrentamiento armado con la polic\u00eda tras cometer un robo en dicho paraje, donde resid\u00eda. Y el padre de ambos tiene arresto domiciliario por asesinar de un disparo a una persona a\u00f1os atr\u00e1s.<\/p>\n<h2 style=\"text-align: center;\">El lugar<\/h2>\n<p>A la polic\u00eda le cost\u00f3 encontrar el lugar en la madrugada del viernes cuando se llevaron a cabo los allanamientos. La precaria edificaci\u00f3n, donde la mujer de 21 a\u00f1os junto a su hijo hab\u00eda permanecido los \u00faltimos 8 meses, se hallaba en la parte trasera de la propiedad, dentro de un criadero de chanchos. Ten\u00eda piso de tierra, paredes de chapas y el techo era de lona. Hab\u00eda una ventana de madera, que no se pod\u00eda abrir porque estaba trabada \u00abcon clavos\u00bb. En tanto que, seg\u00fan se pudo constatar, el ingreso estaba cerrado con una cadena y un candado.<br \/>\nAll\u00ed las v\u00edctimas del hecho dorm\u00edan en un colch\u00f3n en el piso y recib\u00edan la comida por debajo de la puerta. Las \u00fanicas salidas eran para visitar a su pareja en el Penal de San Nicol\u00e1s, obviamente acompa\u00f1ada y vigilada por sus suegros, y all\u00ed realizaba la \u00abvisita higi\u00e9nica\u00bb, donde habr\u00eda quedado embarazada nuevamente.<\/p>\n","protected":false},"excerpt":{"rendered":"<p>Los menores y la joven de 18 que tambi\u00e9n se hallaban en el lugar el d\u00eda del procedimiento realizado por la polic\u00eda fueron puestos al resguardo. Al ser entrevistados por \u201ccuatro profesionales del servicio, trabajadores sociales y psic\u00f3logos\u201d, no manifestaron ser v\u00edctimas de violencia por parte de sus abuelos, explic\u00f3 la secretaria de Desarrollo Humano, [&hellip;]<\/p>\n","protected":false},"author":4,"featured_media":4615,"comment_status":"open","ping_status":"closed","sticky":false,"template":"","format":"standard","meta":{"om_disable_all_campaigns":false,"_jetpack_memberships_contains_paid_content":false,"footnotes":""},"categories":[50,2,103],"tags":[],"class_list":["post-4614","post","type-post","status-publish","format-standard","has-post-thumbnail","hentry","category-destacadas","category-locales","category-policiales-locales"],"aioseo_notices":[],"gutentor_comment":0,"jetpack_featured_media_url":"https:\/\/eldiariodesanpedro.com.ar\/sitio\/wp-content\/uploads\/2016\/05\/PAGINA-3-01-3.jpg","jetpack_shortlink":"https:\/\/wp.me\/p6RhLt-1cq","jetpack_sharing_enabled":true,"_links":{"self":[{"href":"https:\/\/eldiariodesanpedro.com.ar\/sitio\/wp-json\/wp\/v2\/posts\/4614","targetHints":{"allow":["GET"]}}],"collection":[{"href":"https:\/\/eldiariodesanpedro.com.ar\/sitio\/wp-json\/wp\/v2\/posts"}],"about":[{"href":"https:\/\/eldiariodesanpedro.com.ar\/sitio\/wp-json\/wp\/v2\/types\/post"}],"author":[{"embeddable":true,"href":"https:\/\/eldiariodesanpedro.com.ar\/sitio\/wp-json\/wp\/v2\/users\/4"}],"replies":[{"embeddable":true,"href":"https:\/\/eldiariodesanpedro.com.ar\/sitio\/wp-json\/wp\/v2\/comments?post=4614"}],"version-history":[{"count":1,"href":"https:\/\/eldiariodesanpedro.com.ar\/sitio\/wp-json\/wp\/v2\/posts\/4614\/revisions"}],"predecessor-version":[{"id":4616,"href":"https:\/\/eldiariodesanpedro.com.ar\/sitio\/wp-json\/wp\/v2\/posts\/4614\/revisions\/4616"}],"wp:featuredmedia":[{"embeddable":true,"href":"https:\/\/eldiariodesanpedro.com.ar\/sitio\/wp-json\/wp\/v2\/media\/4615"}],"wp:attachment":[{"href":"https:\/\/eldiariodesanpedro.com.ar\/sitio\/wp-json\/wp\/v2\/media?parent=4614"}],"wp:term":[{"taxonomy":"category","embeddable":true,"href":"https:\/\/eldiariodesanpedro.com.ar\/sitio\/wp-json\/wp\/v2\/categories?post=4614"},{"taxonomy":"post_tag","embeddable":true,"href":"https:\/\/eldiariodesanpedro.com.ar\/sitio\/wp-json\/wp\/v2\/tags?post=4614"}],"curies":[{"name":"wp","href":"https:\/\/api.w.org\/{rel}","templated":true}]}}