{"id":46114,"date":"2019-01-17T20:56:35","date_gmt":"2019-01-17T23:56:35","guid":{"rendered":"https:\/\/eldiariodesanpedro.com.ar\/sitio\/?p=46114"},"modified":"2019-01-17T20:58:36","modified_gmt":"2019-01-17T23:58:36","slug":"festejos-de-los-111o-anos-del-club-parana-e-inauguracion-de-nuevas-obras","status":"publish","type":"post","link":"https:\/\/eldiariodesanpedro.com.ar\/sitio\/festejos-de-los-111o-anos-del-club-parana-e-inauguracion-de-nuevas-obras\/","title":{"rendered":"Festejos de los 111\u00ba a\u00f1os del Club Paran\u00e1 e inauguraci\u00f3n de nuevas obras"},"content":{"rendered":"<!-- VideographyWP Plugin Message: Automatic video embedding prevented by plugin options. -->\n\n<p>Este viernes a partir de las 20 hs, Paran\u00e1 F\u00fatbol Club recibir\u00e1 una gran cantidad de p\u00fablico y simpatizantes, en el sector de la cancha de futbol donde se inaugurar\u00e1 el nuevo cerramiento y sector de actos de la entidad, compuesto por un espacio especialmente dise\u00f1ado.  <\/p>\n\n\n\n<p>El escudo oficial de la entidad y la bandera fueron realizados en mosaico por la artista pl\u00e1stica Mariana Maroli junto a sus colaboradores karina lozzano, claudia  Lascano, Adriana zaccagnini, Diana Malacalza, Carolina Gomez Giacco, Sandra Hera, Jose Birador, Facundo Correa, Roman Otero, Mario Aranda, Rodolfo Trelles, Mauricio Ballerini, Leoncio Tevez, Javier Garcia, Julio Moyental y Omar Alvarez.<\/p>\n\n\n\n<p>Adem\u00e1s tambi\u00e9n ser\u00e1 guardada una c\u00e1psula del tiempo, que contendr\u00e1 un pergamino con los nombres de los colaboradores del grupo de apoyo y una copia del Diario de San Pedro del d\u00eda de la fecha, la misma ser\u00e1 recuperada en un segundo centenario de la entidad albirroja.<\/p>\n\n\n\n<p>Seg\u00fan se pudo hablar con los organizadores a partir de las 20 hs. el lugar de ingresando ser\u00e1 por la entrada local de cancha de futbol 11 (Almafuertes 2150), luego de una bienvenida por parte del locutor se realizar\u00e1n palabras del Presidente de la instituci\u00f3n Jose Schallibaum, tambien palabras alusivas del coordinador del grupo de apoyo y del representante del ejecutivo municipal.<\/p>\n\n\n\n<p>Luego se realizara el corte de cintas, se descubrir\u00e1 un mural, se realizara la bendici\u00f3n religiosa a cargo del p\u00e1rroco H\u00e9ctor Molfesa, se realizar\u00e1 el guardado de la c\u00e1psula del tiempo y para finalizar un brindis junto con festejos con todos los presentes.<\/p>\n","protected":false},"excerpt":{"rendered":"<p>Este viernes a partir de las 20 hs, Paran\u00e1 F\u00fatbol Club recibir\u00e1 una gran cantidad de p\u00fablico y simpatizantes, en el sector de la cancha de futbol donde se inaugurar\u00e1 el nuevo cerramiento y sector de actos de la entidad, compuesto por un espacio especialmente dise\u00f1ado. El escudo oficial de la entidad y la bandera [&hellip;]<\/p>\n","protected":false},"author":4,"featured_media":46115,"comment_status":"open","ping_status":"closed","sticky":false,"template":"","format":"standard","meta":{"om_disable_all_campaigns":false,"_jetpack_memberships_contains_paid_content":false,"footnotes":""},"categories":[101,2],"tags":[],"class_list":["post-46114","post","type-post","status-publish","format-standard","has-post-thumbnail","hentry","category-interes-general-locales","category-locales"],"aioseo_notices":[],"gutentor_comment":0,"jetpack_featured_media_url":"https:\/\/eldiariodesanpedro.com.ar\/sitio\/wp-content\/uploads\/2019\/01\/48393272_379119049510492_322777783115710464_n.jpg","jetpack_shortlink":"https:\/\/wp.me\/p6RhLt-bZM","jetpack_sharing_enabled":true,"_links":{"self":[{"href":"https:\/\/eldiariodesanpedro.com.ar\/sitio\/wp-json\/wp\/v2\/posts\/46114","targetHints":{"allow":["GET"]}}],"collection":[{"href":"https:\/\/eldiariodesanpedro.com.ar\/sitio\/wp-json\/wp\/v2\/posts"}],"about":[{"href":"https:\/\/eldiariodesanpedro.com.ar\/sitio\/wp-json\/wp\/v2\/types\/post"}],"author":[{"embeddable":true,"href":"https:\/\/eldiariodesanpedro.com.ar\/sitio\/wp-json\/wp\/v2\/users\/4"}],"replies":[{"embeddable":true,"href":"https:\/\/eldiariodesanpedro.com.ar\/sitio\/wp-json\/wp\/v2\/comments?post=46114"}],"version-history":[{"count":2,"href":"https:\/\/eldiariodesanpedro.com.ar\/sitio\/wp-json\/wp\/v2\/posts\/46114\/revisions"}],"predecessor-version":[{"id":46117,"href":"https:\/\/eldiariodesanpedro.com.ar\/sitio\/wp-json\/wp\/v2\/posts\/46114\/revisions\/46117"}],"wp:featuredmedia":[{"embeddable":true,"href":"https:\/\/eldiariodesanpedro.com.ar\/sitio\/wp-json\/wp\/v2\/media\/46115"}],"wp:attachment":[{"href":"https:\/\/eldiariodesanpedro.com.ar\/sitio\/wp-json\/wp\/v2\/media?parent=46114"}],"wp:term":[{"taxonomy":"category","embeddable":true,"href":"https:\/\/eldiariodesanpedro.com.ar\/sitio\/wp-json\/wp\/v2\/categories?post=46114"},{"taxonomy":"post_tag","embeddable":true,"href":"https:\/\/eldiariodesanpedro.com.ar\/sitio\/wp-json\/wp\/v2\/tags?post=46114"}],"curies":[{"name":"wp","href":"https:\/\/api.w.org\/{rel}","templated":true}]}}