{"id":4611,"date":"2016-05-22T22:21:59","date_gmt":"2016-05-23T01:21:59","guid":{"rendered":"https:\/\/eldiariodesanpedro.com.ar\/sitio\/?p=4611"},"modified":"2016-05-22T22:21:59","modified_gmt":"2016-05-23T01:21:59","slug":"nuevo-allanamiento-por-drogas","status":"publish","type":"post","link":"https:\/\/eldiariodesanpedro.com.ar\/sitio\/nuevo-allanamiento-por-drogas\/","title":{"rendered":"Nuevo allanamiento por drogas"},"content":{"rendered":"<p><!-- VideographyWP Plugin Message: Automatic video embedding prevented by plugin options. --><br \/>\nEl procedimiento se llev\u00f3 a cabo el s\u00e1bado en una vivienda localizada en calle La Laguna al 2020, ordenado por la Fiscal\u00eda N\u00ba 5 a cargo del fiscal Manso. Particip\u00f3 personal policial de la comisar\u00eda, a cargo del subcomisario Juan Catalano, acompa\u00f1ados por efectivos del GOC.<br \/>\nFue aprehendido un joven de 24 a\u00f1os, sindicado como due\u00f1o de la vivienda donde se llev\u00f3 a cabo la diligencia. En tanto, fueron identificadas cinco personas que se hallaban en el lugar.<br \/>\nSe secuestraron 79 envoltorios de marihuana compactada, lista para su comercializaci\u00f3n. Tambi\u00e9n se incaut\u00f3 un rev\u00f3lver calibre 22 con 5 municiones, 1600 pesos en efectivo y un celular.<\/p>\n","protected":false},"excerpt":{"rendered":"<p>El procedimiento se llev\u00f3 a cabo el s\u00e1bado en una vivienda localizada en calle La Laguna al 2020, ordenado por la Fiscal\u00eda N\u00ba 5 a cargo del fiscal Manso. Particip\u00f3 personal policial de la comisar\u00eda, a cargo del subcomisario Juan Catalano, acompa\u00f1ados por efectivos del GOC. Fue aprehendido un joven de 24 a\u00f1os, sindicado como [&hellip;]<\/p>\n","protected":false},"author":4,"featured_media":4612,"comment_status":"open","ping_status":"closed","sticky":false,"template":"","format":"standard","meta":{"om_disable_all_campaigns":false,"_jetpack_memberships_contains_paid_content":false,"footnotes":""},"categories":[50,2,103],"tags":[],"class_list":["post-4611","post","type-post","status-publish","format-standard","has-post-thumbnail","hentry","category-destacadas","category-locales","category-policiales-locales"],"aioseo_notices":[],"gutentor_comment":1,"jetpack_featured_media_url":"https:\/\/eldiariodesanpedro.com.ar\/sitio\/wp-content\/uploads\/2016\/05\/PAGINA-3-03.jpg","jetpack_shortlink":"https:\/\/wp.me\/p6RhLt-1cn","jetpack_sharing_enabled":true,"_links":{"self":[{"href":"https:\/\/eldiariodesanpedro.com.ar\/sitio\/wp-json\/wp\/v2\/posts\/4611","targetHints":{"allow":["GET"]}}],"collection":[{"href":"https:\/\/eldiariodesanpedro.com.ar\/sitio\/wp-json\/wp\/v2\/posts"}],"about":[{"href":"https:\/\/eldiariodesanpedro.com.ar\/sitio\/wp-json\/wp\/v2\/types\/post"}],"author":[{"embeddable":true,"href":"https:\/\/eldiariodesanpedro.com.ar\/sitio\/wp-json\/wp\/v2\/users\/4"}],"replies":[{"embeddable":true,"href":"https:\/\/eldiariodesanpedro.com.ar\/sitio\/wp-json\/wp\/v2\/comments?post=4611"}],"version-history":[{"count":1,"href":"https:\/\/eldiariodesanpedro.com.ar\/sitio\/wp-json\/wp\/v2\/posts\/4611\/revisions"}],"predecessor-version":[{"id":4613,"href":"https:\/\/eldiariodesanpedro.com.ar\/sitio\/wp-json\/wp\/v2\/posts\/4611\/revisions\/4613"}],"wp:featuredmedia":[{"embeddable":true,"href":"https:\/\/eldiariodesanpedro.com.ar\/sitio\/wp-json\/wp\/v2\/media\/4612"}],"wp:attachment":[{"href":"https:\/\/eldiariodesanpedro.com.ar\/sitio\/wp-json\/wp\/v2\/media?parent=4611"}],"wp:term":[{"taxonomy":"category","embeddable":true,"href":"https:\/\/eldiariodesanpedro.com.ar\/sitio\/wp-json\/wp\/v2\/categories?post=4611"},{"taxonomy":"post_tag","embeddable":true,"href":"https:\/\/eldiariodesanpedro.com.ar\/sitio\/wp-json\/wp\/v2\/tags?post=4611"}],"curies":[{"name":"wp","href":"https:\/\/api.w.org\/{rel}","templated":true}]}}