{"id":46108,"date":"2019-01-17T18:59:29","date_gmt":"2019-01-17T21:59:29","guid":{"rendered":"https:\/\/eldiariodesanpedro.com.ar\/sitio\/?p=46108"},"modified":"2019-01-17T19:00:48","modified_gmt":"2019-01-17T22:00:48","slug":"hubo-un-motin-en-el-penal-de-san-nicolas-organizada-por-tres-sampedrinos-los-rehenes-ya-fueron-liberados","status":"publish","type":"post","link":"https:\/\/eldiariodesanpedro.com.ar\/sitio\/hubo-un-motin-en-el-penal-de-san-nicolas-organizada-por-tres-sampedrinos-los-rehenes-ya-fueron-liberados\/","title":{"rendered":"Hubo un mot\u00edn en el Penal de San Nicolas organizada por tres sampedrinos, los rehenes ya fueron liberados"},"content":{"rendered":"<!-- VideographyWP Plugin Message: Automatic video embedding prevented by plugin options. -->\n\n<p>Tres reclusos se amotinaron en el pabell\u00f3n de Sanidad y mantienen como rehenes a un m\u00e9dico, una enfermera y un guardiac\u00e1rcel. Reclaman mejores condiciones de detenci\u00f3n.<\/p>\n\n\n\n<p>Tres reclusos de la c\u00e1rcel de San nicol\u00e1s tomaron como rehenes a un m\u00e9dico, un enfermero y un guardia c\u00e1rcel\u00a0para evitar ser trasladados a otra unidad.<\/p>\n\n\n\n<p>Desde el Servicio Penitenciario informaron que se trata de delincuentes \u00abreincidentes y con graves problemas de convivencia\u00bb.<\/p>\n\n\n\n<p>Al enterarse de la intenci\u00f3n de llevarlos a otro penal, decidieron tomar rehenes en el sector de sanidad de la Unidad Penal 3.<\/p>\n\n\n\n<p>Los reclusos son oriundos de San Pedro y en el lugar se encuentra presente\u00a0un fiscal para llevar adelante la negociaci\u00f3n.<\/p>\n\n\n\n<p>Los tres delincuentes con frondosos antecedentes fueron identificados como Marcos Facundo Andrade, de 26 a\u00f1os,\u00a0Carlos Armando Escobar\u00a0 de 25  y\u00a0Gabriel \u00abGaby\u00bb Mendoza Romero, siendo este \u00faltimo el \u00fanico con\u00a0antecedes intracarcelarios (intento de fuga doblando los barrotes de la celda).   Todos son oriundos de San Pedro y\u00a0estaban armados con facas. <\/p>\n\n\n\n<p>Luego de alrededor de 3 horas de negociaciones por parte de la jueza Mar\u00eda Eugenia Maiztegui y la Fiscal General Sandra Bicetti, lograron llegar a un acuerdo dejando en libertad los tres rehenes, quienes se encontraban en buen estado de salud.<\/p>\n\n\n\n<figure class=\"wp-block-image\"><img decoding=\"async\" width=\"800\" height=\"579\" data-attachment-id=\"46112\" data-permalink=\"https:\/\/eldiariodesanpedro.com.ar\/sitio\/hubo-un-motin-en-el-penal-de-san-nicolas-organizada-por-tres-sampedrinos-los-rehenes-ya-fueron-liberados\/bbx_683991435_unidad_3\/\" data-orig-file=\"https:\/\/eldiariodesanpedro.com.ar\/sitio\/wp-content\/uploads\/2019\/01\/bbx_683991435_unidad_3.jpg\" data-orig-size=\"800,579\" data-comments-opened=\"1\" data-image-meta=\"{&quot;aperture&quot;:&quot;0&quot;,&quot;credit&quot;:&quot;&quot;,&quot;camera&quot;:&quot;&quot;,&quot;caption&quot;:&quot;&quot;,&quot;created_timestamp&quot;:&quot;0&quot;,&quot;copyright&quot;:&quot;&quot;,&quot;focal_length&quot;:&quot;0&quot;,&quot;iso&quot;:&quot;0&quot;,&quot;shutter_speed&quot;:&quot;0&quot;,&quot;title&quot;:&quot;&quot;,&quot;orientation&quot;:&quot;0&quot;}\" data-image-title=\"bbx_683991435_unidad_3\" data-image-description=\"\" data-image-caption=\"\" data-large-file=\"https:\/\/eldiariodesanpedro.com.ar\/sitio\/wp-content\/uploads\/2019\/01\/bbx_683991435_unidad_3.jpg\" data-src=\"https:\/\/eldiariodesanpedro.com.ar\/sitio\/wp-content\/uploads\/2019\/01\/bbx_683991435_unidad_3.jpg\" alt=\"\" class=\"wp-image-46112 lazyload\" data-srcset=\"https:\/\/eldiariodesanpedro.com.ar\/sitio\/wp-content\/uploads\/2019\/01\/bbx_683991435_unidad_3.jpg 800w, https:\/\/eldiariodesanpedro.com.ar\/sitio\/wp-content\/uploads\/2019\/01\/bbx_683991435_unidad_3-300x217.jpg 300w, https:\/\/eldiariodesanpedro.com.ar\/sitio\/wp-content\/uploads\/2019\/01\/bbx_683991435_unidad_3-768x556.jpg 768w\" data-sizes=\"(max-width: 800px) 100vw, 800px\" src=\"data:image\/svg+xml;base64,PHN2ZyB3aWR0aD0iMSIgaGVpZ2h0PSIxIiB4bWxucz0iaHR0cDovL3d3dy53My5vcmcvMjAwMC9zdmciPjwvc3ZnPg==\" style=\"--smush-placeholder-width: 800px; --smush-placeholder-aspect-ratio: 800\/579;\" \/><\/figure>\n","protected":false},"excerpt":{"rendered":"<p>Tres reclusos se amotinaron en el pabell\u00f3n de Sanidad y mantienen como rehenes a un m\u00e9dico, una enfermera y un guardiac\u00e1rcel. Reclaman mejores condiciones de detenci\u00f3n. Tres reclusos de la c\u00e1rcel de San nicol\u00e1s tomaron como rehenes a un m\u00e9dico, un enfermero y un guardia c\u00e1rcel\u00a0para evitar ser trasladados a otra unidad. Desde el Servicio [&hellip;]<\/p>\n","protected":false},"author":4,"featured_media":46109,"comment_status":"open","ping_status":"closed","sticky":false,"template":"","format":"standard","meta":{"om_disable_all_campaigns":false,"_jetpack_memberships_contains_paid_content":false,"footnotes":""},"categories":[50,2,103],"tags":[],"class_list":["post-46108","post","type-post","status-publish","format-standard","has-post-thumbnail","hentry","category-destacadas","category-locales","category-policiales-locales"],"aioseo_notices":[],"gutentor_comment":0,"jetpack_featured_media_url":"https:\/\/eldiariodesanpedro.com.ar\/sitio\/wp-content\/uploads\/2019\/01\/2019-01-17-1.png","jetpack_shortlink":"https:\/\/wp.me\/p6RhLt-bZG","jetpack_sharing_enabled":true,"_links":{"self":[{"href":"https:\/\/eldiariodesanpedro.com.ar\/sitio\/wp-json\/wp\/v2\/posts\/46108","targetHints":{"allow":["GET"]}}],"collection":[{"href":"https:\/\/eldiariodesanpedro.com.ar\/sitio\/wp-json\/wp\/v2\/posts"}],"about":[{"href":"https:\/\/eldiariodesanpedro.com.ar\/sitio\/wp-json\/wp\/v2\/types\/post"}],"author":[{"embeddable":true,"href":"https:\/\/eldiariodesanpedro.com.ar\/sitio\/wp-json\/wp\/v2\/users\/4"}],"replies":[{"embeddable":true,"href":"https:\/\/eldiariodesanpedro.com.ar\/sitio\/wp-json\/wp\/v2\/comments?post=46108"}],"version-history":[{"count":2,"href":"https:\/\/eldiariodesanpedro.com.ar\/sitio\/wp-json\/wp\/v2\/posts\/46108\/revisions"}],"predecessor-version":[{"id":46113,"href":"https:\/\/eldiariodesanpedro.com.ar\/sitio\/wp-json\/wp\/v2\/posts\/46108\/revisions\/46113"}],"wp:featuredmedia":[{"embeddable":true,"href":"https:\/\/eldiariodesanpedro.com.ar\/sitio\/wp-json\/wp\/v2\/media\/46109"}],"wp:attachment":[{"href":"https:\/\/eldiariodesanpedro.com.ar\/sitio\/wp-json\/wp\/v2\/media?parent=46108"}],"wp:term":[{"taxonomy":"category","embeddable":true,"href":"https:\/\/eldiariodesanpedro.com.ar\/sitio\/wp-json\/wp\/v2\/categories?post=46108"},{"taxonomy":"post_tag","embeddable":true,"href":"https:\/\/eldiariodesanpedro.com.ar\/sitio\/wp-json\/wp\/v2\/tags?post=46108"}],"curies":[{"name":"wp","href":"https:\/\/api.w.org\/{rel}","templated":true}]}}