{"id":46101,"date":"2019-01-17T12:26:36","date_gmt":"2019-01-17T15:26:36","guid":{"rendered":"https:\/\/eldiariodesanpedro.com.ar\/sitio\/?p=46101"},"modified":"2019-01-17T12:26:45","modified_gmt":"2019-01-17T15:26:45","slug":"san-nicolas-afirman-que-hay-mas-de-5000-conexiones-clandestinas-de-luz","status":"publish","type":"post","link":"https:\/\/eldiariodesanpedro.com.ar\/sitio\/san-nicolas-afirman-que-hay-mas-de-5000-conexiones-clandestinas-de-luz\/","title":{"rendered":"SAN NICOL\u00c1S: Afirman que hay m\u00e1s de 5000 conexiones clandestinas de luz"},"content":{"rendered":"<!-- VideographyWP Plugin Message: Automatic video embedding prevented by plugin options. -->\n\n<p>\n\nLa gran parte de esas 5000 conexiones clandestinas de luz, son realizadas por familias o personas que carecen de todo servicio, inclusive de vivienda, y esto es lo grave. En los \u00faltimos a\u00f1os no han parado de crecer lo que un funcionario municipal en una entrevista llam\u00f3 \u201ccajones de pobreza\u201d.<\/p>\n\n\n\n<p>&nbsp;Los barrios vulnerables en nuestra ciudad vienen en ascenso. Barrio San Jorge, barrio Las Mellizas, Barrio Don Miguel, Barrio Mart\u00ednez, el llamado zanj\u00f3n de Alberdi, Barrio Los Provincianos, Villa Cavalli, barrio Virgen del Lujan, barrio Tr\u00edpoli en su parte trasera, barrio 12 de Marzo, y as\u00ed podr\u00edamos seguir nombrando barrios que presentan un problema grave de servicios y vivienda: ni gas, ni cloacas, ni agua, ni hogar digno, sino ranchos de chapa, cart\u00f3n y lona. Apenas si tienen luz porque se pueden enganchar clandestinamente y vivir con el riesgo de la vida a cuesta, de mayores y adultos debido a las precarias conexiones.<\/p>\n\n\n\n<p>El problema que nunca fue tratado en San Nicol\u00e1s es el de la vivienda digna, la urbanizaci\u00f3n de los barrios vulnerables. Y de un tiempo a esta parte, es a\u00fan m\u00e1s imperdonable, ya que Ismael Passaglia deja la intendencia a su hijo, porque pas\u00f3 a ser el Titular de la Vivienda en la provincia de Bs As. Ser\u00e1 que coraz\u00f3n que no ve, coraz\u00f3n que no siente. Pero nosotros s\u00ed vemos, la sociedad tambi\u00e9n ve. L\u00e1stima que muchas veces tome el impulso de los relatos monop\u00f3licos, y se satanice la pobreza,&nbsp; se la vea como una falta de m\u00e9rito de ese ser humano que atraviesa tal situaci\u00f3n, y no como un conflicto social estructural, donde la asistencia del Estado en todas sus instituciones, de la pol\u00edtica y de Derechos, estuvo y est\u00e1 ausente.<\/p>\n\n\n\n<p>Las problem\u00e1ticas tampoco se agotan all\u00ed. La carencia de las necesidades b\u00e1sicas produce el efecto del eterno retorno. Falta de vivienda= falta de servicios= falta de higiene= falta de trabajo= falta de educaci\u00f3n. Pero bajemos de esta pir\u00e1mide escalonada y vayamos a la base, aparece entonces la problem\u00e1ticas de la tierra, que muchas veces es satanizada por los medios, los municipios, gobernaciones&nbsp; o el propio Estado. Pero la toma de tierra no es signo de maldad o de virtud. Es inevitable. Surge de una necesidad vital insoslayable, m\u00e1s a\u00fan, de una necesidad elemental de la f\u00edsica euclidiana: el espacio.<\/p>\n\n\n\n<p><strong>Datos estad\u00edsticos.<\/strong><\/p>\n\n\n\n<p>La proliferaci\u00f3n de asentamientos informales es inherente a la globalizaci\u00f3n del sistema capitalista. Una tercera parte de la humanidad ya vive hacinada en barriadas m\u00e1s precarias que asentamientos neol\u00edticos y tan insalubres como un basural, a escasa distancia de edificios inteligentes, country clubs o barrios residenciales que siguen desarroll\u00e1ndose entre el miedo y la indiferencia.<\/p>\n\n\n\n<p>La idea de integraci\u00f3n urbana de los barrios vulnerables no es de ahora, ni es un planteamiento descabellado, surge de la experiencia del Equipo de Sacerdotes para las Villas de Emergencia que rechazaban los planteos colonialistas de urbanizaci\u00f3n y exig\u00edan el reconocimiento del aporte villero a la vida de la ciudad.<\/p>\n\n\n\n<p>Al d\u00eda de hoy, a pesar de la normativa de avanzada que instituye el Registro Nacional de Barrios Populares (ReNabap) el 95% de los barrios populares de nuestro pa\u00eds no cuenta con acceso al agua potable, el 98% no tiene acceso a la red cloacal y el 71% no tiene provisi\u00f3n segura de electricidad.<\/p>\n\n\n\n<p>Seg\u00fan un estudio realizado por t\u00e9cnicos argentinos, se puede desarrollar una integraci\u00f3n urbana aceptable, a nivel nacional, que contemple acceso seguro al agua, cloacas, electricidad domiciliaria, iluminaci\u00f3n p\u00fablica, pavimentaci\u00f3n de calles y apertura de espacios verdes para los barrios populares\/vulnerables. A nivel nacional requiere seg\u00fan este estudio, 24 mil millones de d\u00f3lares, o para ponerlo en cuotas, el 2,5% del presupuesto nacional sostenido a lo largo de 6 a\u00f1os.<\/p>\n\n\n\n<p>Tomando el ejemplo de estos datos estad\u00edsticos que aparecen en el libro de Juan Grabois \u201cLa clase peligrosa\u201d, ser\u00eda bueno pensar un estudio estad\u00edstico similar de los barrios de San Nicol\u00e1s que necesitan ser urbanizados. Es tiempo de que la urbanizaci\u00f3n de las barriadas pobres, forme parte de las agendas de los concejales y los pol\u00edticos que, como afirma Grabois en su libro, \u201cA los pol\u00edticos profesionales les cuesta entender que as\u00ed como las casillas parecen todas iguales miradas desde arriba, ellos parecen todos iguales mirados desde abajo\u201d.<\/p>\n\n\n\n<p>Fuente: <a href=\"https:\/\/sannicolasnews.com\">San Nicolas News<\/a><\/p>\n\n\n\n<p><\/p>\n","protected":false},"excerpt":{"rendered":"<p>La gran parte de esas 5000 conexiones clandestinas de luz, son realizadas por familias o personas que carecen de todo servicio, inclusive de vivienda, y esto es lo grave. En los \u00faltimos a\u00f1os no han parado de crecer lo que un funcionario municipal en una entrevista llam\u00f3 \u201ccajones de pobreza\u201d. &nbsp;Los barrios vulnerables en nuestra [&hellip;]<\/p>\n","protected":false},"author":4,"featured_media":46102,"comment_status":"open","ping_status":"closed","sticky":false,"template":"","format":"standard","meta":{"om_disable_all_campaigns":false,"_jetpack_memberships_contains_paid_content":false,"footnotes":""},"categories":[621],"tags":[],"class_list":["post-46101","post","type-post","status-publish","format-standard","has-post-thumbnail","hentry","category-regionales"],"aioseo_notices":[],"gutentor_comment":0,"jetpack_featured_media_url":"https:\/\/eldiariodesanpedro.com.ar\/sitio\/wp-content\/uploads\/2019\/01\/0025049158.jpg","jetpack_shortlink":"https:\/\/wp.me\/p6RhLt-bZz","jetpack_sharing_enabled":true,"_links":{"self":[{"href":"https:\/\/eldiariodesanpedro.com.ar\/sitio\/wp-json\/wp\/v2\/posts\/46101","targetHints":{"allow":["GET"]}}],"collection":[{"href":"https:\/\/eldiariodesanpedro.com.ar\/sitio\/wp-json\/wp\/v2\/posts"}],"about":[{"href":"https:\/\/eldiariodesanpedro.com.ar\/sitio\/wp-json\/wp\/v2\/types\/post"}],"author":[{"embeddable":true,"href":"https:\/\/eldiariodesanpedro.com.ar\/sitio\/wp-json\/wp\/v2\/users\/4"}],"replies":[{"embeddable":true,"href":"https:\/\/eldiariodesanpedro.com.ar\/sitio\/wp-json\/wp\/v2\/comments?post=46101"}],"version-history":[{"count":1,"href":"https:\/\/eldiariodesanpedro.com.ar\/sitio\/wp-json\/wp\/v2\/posts\/46101\/revisions"}],"predecessor-version":[{"id":46103,"href":"https:\/\/eldiariodesanpedro.com.ar\/sitio\/wp-json\/wp\/v2\/posts\/46101\/revisions\/46103"}],"wp:featuredmedia":[{"embeddable":true,"href":"https:\/\/eldiariodesanpedro.com.ar\/sitio\/wp-json\/wp\/v2\/media\/46102"}],"wp:attachment":[{"href":"https:\/\/eldiariodesanpedro.com.ar\/sitio\/wp-json\/wp\/v2\/media?parent=46101"}],"wp:term":[{"taxonomy":"category","embeddable":true,"href":"https:\/\/eldiariodesanpedro.com.ar\/sitio\/wp-json\/wp\/v2\/categories?post=46101"},{"taxonomy":"post_tag","embeddable":true,"href":"https:\/\/eldiariodesanpedro.com.ar\/sitio\/wp-json\/wp\/v2\/tags?post=46101"}],"curies":[{"name":"wp","href":"https:\/\/api.w.org\/{rel}","templated":true}]}}