{"id":46098,"date":"2019-01-17T12:24:08","date_gmt":"2019-01-17T15:24:08","guid":{"rendered":"https:\/\/eldiariodesanpedro.com.ar\/sitio\/?p=46098"},"modified":"2019-01-17T12:24:17","modified_gmt":"2019-01-17T15:24:17","slug":"san-nicolas-detuvieron-a-cuatro-jovenes-con-47-pastillas-de-extasis","status":"publish","type":"post","link":"https:\/\/eldiariodesanpedro.com.ar\/sitio\/san-nicolas-detuvieron-a-cuatro-jovenes-con-47-pastillas-de-extasis\/","title":{"rendered":"SAN NICOL\u00c1S: Detuvieron a cuatro j\u00f3venes con 47 pastillas de \u00e9xtasis"},"content":{"rendered":"<!-- VideographyWP Plugin Message: Automatic video embedding prevented by plugin options. -->\n\n<p>Ten\u00edan en su poder un baguyo de marihuana de 6 grs, una pastilla color azul y 47 pastillas color mostaza con letra B (\u00e9xtasis).<\/p>\n\n\n\n<p>El pasado fin de semana, a ra\u00edz de un llamado al 911, en calles Pav\u00f3n y Morteo, personal policial de la Comisar\u00eda Segunda procedi\u00f3 a la aprehensi\u00f3n de dos muchachos de 20 y 23 a\u00f1os, y dos mujeres de 19 y 25 a\u00f1os, quienes ten\u00edan en su poder un baguyo de marihuana de 6 grs, una pastilla color azul y 47 pastillas color mostaza con letra B (\u00e9xtasis).<\/p>\n\n\n\n<p>Asimismo se incaut\u00f3 un autom\u00f3vil Peugeot 207, en que se movilizaban los aprehendidos, que resultan ser oriundos de Villa Urquiza- Bs.As. Se labraron actuaciones bajo car\u00e1tula \u201cInfracci\u00f3n Ley 23.737, Comercializaci\u00f3n\u201d, con intervenci\u00f3n de la UFI N\u00b01 del Departamento Judicial San Nicol\u00e1s.<\/p>\n\n\n\n<p>Fuente: <a href=\"https:\/\/www.diarioelnorte.com.ar\">Diario El Norte<\/a><\/p>\n","protected":false},"excerpt":{"rendered":"<p>Ten\u00edan en su poder un baguyo de marihuana de 6 grs, una pastilla color azul y 47 pastillas color mostaza con letra B (\u00e9xtasis). El pasado fin de semana, a ra\u00edz de un llamado al 911, en calles Pav\u00f3n y Morteo, personal policial de la Comisar\u00eda Segunda procedi\u00f3 a la aprehensi\u00f3n de dos muchachos de [&hellip;]<\/p>\n","protected":false},"author":4,"featured_media":46099,"comment_status":"open","ping_status":"closed","sticky":false,"template":"","format":"standard","meta":{"om_disable_all_campaigns":false,"_jetpack_memberships_contains_paid_content":false,"footnotes":""},"categories":[621],"tags":[],"class_list":["post-46098","post","type-post","status-publish","format-standard","has-post-thumbnail","hentry","category-regionales"],"aioseo_notices":[],"gutentor_comment":0,"jetpack_featured_media_url":"https:\/\/eldiariodesanpedro.com.ar\/sitio\/wp-content\/uploads\/2019\/01\/0019304261.jpg","jetpack_shortlink":"https:\/\/wp.me\/p6RhLt-bZw","jetpack_sharing_enabled":true,"_links":{"self":[{"href":"https:\/\/eldiariodesanpedro.com.ar\/sitio\/wp-json\/wp\/v2\/posts\/46098","targetHints":{"allow":["GET"]}}],"collection":[{"href":"https:\/\/eldiariodesanpedro.com.ar\/sitio\/wp-json\/wp\/v2\/posts"}],"about":[{"href":"https:\/\/eldiariodesanpedro.com.ar\/sitio\/wp-json\/wp\/v2\/types\/post"}],"author":[{"embeddable":true,"href":"https:\/\/eldiariodesanpedro.com.ar\/sitio\/wp-json\/wp\/v2\/users\/4"}],"replies":[{"embeddable":true,"href":"https:\/\/eldiariodesanpedro.com.ar\/sitio\/wp-json\/wp\/v2\/comments?post=46098"}],"version-history":[{"count":1,"href":"https:\/\/eldiariodesanpedro.com.ar\/sitio\/wp-json\/wp\/v2\/posts\/46098\/revisions"}],"predecessor-version":[{"id":46100,"href":"https:\/\/eldiariodesanpedro.com.ar\/sitio\/wp-json\/wp\/v2\/posts\/46098\/revisions\/46100"}],"wp:featuredmedia":[{"embeddable":true,"href":"https:\/\/eldiariodesanpedro.com.ar\/sitio\/wp-json\/wp\/v2\/media\/46099"}],"wp:attachment":[{"href":"https:\/\/eldiariodesanpedro.com.ar\/sitio\/wp-json\/wp\/v2\/media?parent=46098"}],"wp:term":[{"taxonomy":"category","embeddable":true,"href":"https:\/\/eldiariodesanpedro.com.ar\/sitio\/wp-json\/wp\/v2\/categories?post=46098"},{"taxonomy":"post_tag","embeddable":true,"href":"https:\/\/eldiariodesanpedro.com.ar\/sitio\/wp-json\/wp\/v2\/tags?post=46098"}],"curies":[{"name":"wp","href":"https:\/\/api.w.org\/{rel}","templated":true}]}}