{"id":46095,"date":"2019-01-17T12:15:05","date_gmt":"2019-01-17T15:15:05","guid":{"rendered":"https:\/\/eldiariodesanpedro.com.ar\/sitio\/?p=46095"},"modified":"2019-01-17T12:30:07","modified_gmt":"2019-01-17T15:30:07","slug":"se-recupero-una-motocicleta-yamaha-ybr-y-un-equipo-de-musica","status":"publish","type":"post","link":"https:\/\/eldiariodesanpedro.com.ar\/sitio\/se-recupero-una-motocicleta-yamaha-ybr-y-un-equipo-de-musica\/","title":{"rendered":"Se recuper\u00f3 una motocicleta Yamaha YBR y un equipo de m\u00fasica"},"content":{"rendered":"<!-- VideographyWP Plugin Message: Automatic video embedding prevented by plugin options. -->\n\n<p>La polic\u00eda de nuestra ciudad realiz\u00f3 allanamientos con el fin del esclarecimiento de dos hechos delictivos ocurridos en nuestra ciudad, donde se robaron un amotocicleta en uno de los hechos y un equipo de m\u00fasica en otro.<\/p>\n\n\n\n<p>El primer allanamiento tuvo lugar en una vivienda ubicada en calle manuel Iglesias al 2000, donde el Personal Gabinete criminol\u00f3gico, luego amplias averiguaciones en hecho de robo de motocicleta ocurrido d\u00edas atr\u00e1s en calle Molina del Barrio Villa Igoillo, logr\u00f3 establecer autor\u00eda hecho, solicitando allanamiento, extendido por Juzgado de Garant\u00edas en turno de la localidad de San Nicolas. Por lo que se logr\u00f3 secuestrar una motocicleta Yamaha YBR y no hubo aprehendido, ya que al momento de la diligencia no se encontraba morador.<\/p>\n\n\n\n<div class=\"wp-block-image\"><figure class=\"aligncenter\"><img decoding=\"async\" width=\"800\" height=\"445\" data-attachment-id=\"46105\" data-permalink=\"https:\/\/eldiariodesanpedro.com.ar\/sitio\/se-recupero-una-motocicleta-yamaha-ybr-y-un-equipo-de-musica\/whatsapp-image-2019-01-17-at-09-49-28-800x445\/\" data-orig-file=\"https:\/\/eldiariodesanpedro.com.ar\/sitio\/wp-content\/uploads\/2019\/01\/WhatsApp-Image-2019-01-17-at-09.49.28-800x445.jpeg\" data-orig-size=\"800,445\" data-comments-opened=\"1\" data-image-meta=\"{&quot;aperture&quot;:&quot;0&quot;,&quot;credit&quot;:&quot;&quot;,&quot;camera&quot;:&quot;&quot;,&quot;caption&quot;:&quot;&quot;,&quot;created_timestamp&quot;:&quot;0&quot;,&quot;copyright&quot;:&quot;&quot;,&quot;focal_length&quot;:&quot;0&quot;,&quot;iso&quot;:&quot;0&quot;,&quot;shutter_speed&quot;:&quot;0&quot;,&quot;title&quot;:&quot;&quot;,&quot;orientation&quot;:&quot;0&quot;}\" data-image-title=\"WhatsApp-Image-2019-01-17-at-09.49.28-800&amp;#215;445\" data-image-description=\"\" data-image-caption=\"\" data-large-file=\"https:\/\/eldiariodesanpedro.com.ar\/sitio\/wp-content\/uploads\/2019\/01\/WhatsApp-Image-2019-01-17-at-09.49.28-800x445.jpeg\" data-src=\"https:\/\/eldiariodesanpedro.com.ar\/sitio\/wp-content\/uploads\/2019\/01\/WhatsApp-Image-2019-01-17-at-09.49.28-800x445.jpeg\" alt=\"\" class=\"wp-image-46105 lazyload\" data-srcset=\"https:\/\/eldiariodesanpedro.com.ar\/sitio\/wp-content\/uploads\/2019\/01\/WhatsApp-Image-2019-01-17-at-09.49.28-800x445.jpeg 800w, https:\/\/eldiariodesanpedro.com.ar\/sitio\/wp-content\/uploads\/2019\/01\/WhatsApp-Image-2019-01-17-at-09.49.28-800x445-300x167.jpeg 300w, https:\/\/eldiariodesanpedro.com.ar\/sitio\/wp-content\/uploads\/2019\/01\/WhatsApp-Image-2019-01-17-at-09.49.28-800x445-768x427.jpeg 768w\" data-sizes=\"(max-width: 800px) 100vw, 800px\" src=\"data:image\/svg+xml;base64,PHN2ZyB3aWR0aD0iMSIgaGVpZ2h0PSIxIiB4bWxucz0iaHR0cDovL3d3dy53My5vcmcvMjAwMC9zdmciPjwvc3ZnPg==\" style=\"--smush-placeholder-width: 800px; --smush-placeholder-aspect-ratio: 800\/445;\" \/><\/figure><\/div>\n\n\n\n<p>En horas de la tarde del mismo d\u00edas tras averiguaciones la polic\u00eda de nuestra ciudad logr\u00f3 secuestrar un equipo de m\u00fasica en una vivienda ubicada en calle Hermano Indio al 2000, que hab\u00eda sido sustra\u00eddo en hecho de robo que se investigaba de d\u00edas atr\u00e1s. El artefacto fue detectado a la venta a trav\u00e9s de la red social Facebook, se imput\u00f3 a la moradora de la vivienda por disposici\u00f3n de la fiscal\u00eda N\u00ba5 de nuestra ciudad, notific\u00e1ndose de la causa y dem\u00e1s recaudos.<\/p>\n\n\n\n<div class=\"wp-block-image\"><figure class=\"alignleft is-resized\"><img decoding=\"async\" data-attachment-id=\"46104\" data-permalink=\"https:\/\/eldiariodesanpedro.com.ar\/sitio\/se-recupero-una-motocicleta-yamaha-ybr-y-un-equipo-de-musica\/whatsapp-image-2019-01-17-at-09-48-47-800x445\/\" data-orig-file=\"https:\/\/eldiariodesanpedro.com.ar\/sitio\/wp-content\/uploads\/2019\/01\/WhatsApp-Image-2019-01-17-at-09.48.47-800x445.jpeg\" data-orig-size=\"334,445\" data-comments-opened=\"1\" data-image-meta=\"{&quot;aperture&quot;:&quot;0&quot;,&quot;credit&quot;:&quot;Picasa&quot;,&quot;camera&quot;:&quot;&quot;,&quot;caption&quot;:&quot;&quot;,&quot;created_timestamp&quot;:&quot;1547738866&quot;,&quot;copyright&quot;:&quot;&quot;,&quot;focal_length&quot;:&quot;0&quot;,&quot;iso&quot;:&quot;0&quot;,&quot;shutter_speed&quot;:&quot;0&quot;,&quot;title&quot;:&quot;&quot;,&quot;orientation&quot;:&quot;0&quot;}\" data-image-title=\"WhatsApp-Image-2019-01-17-at-09.48.47-800&amp;#215;445\" data-image-description=\"\" data-image-caption=\"\" data-large-file=\"https:\/\/eldiariodesanpedro.com.ar\/sitio\/wp-content\/uploads\/2019\/01\/WhatsApp-Image-2019-01-17-at-09.48.47-800x445.jpeg\" data-src=\"https:\/\/eldiariodesanpedro.com.ar\/sitio\/wp-content\/uploads\/2019\/01\/WhatsApp-Image-2019-01-17-at-09.48.47-800x445.jpeg\" alt=\"\" class=\"wp-image-46104 lazyload\" width=\"467\" height=\"622\" data-srcset=\"https:\/\/eldiariodesanpedro.com.ar\/sitio\/wp-content\/uploads\/2019\/01\/WhatsApp-Image-2019-01-17-at-09.48.47-800x445.jpeg 334w, https:\/\/eldiariodesanpedro.com.ar\/sitio\/wp-content\/uploads\/2019\/01\/WhatsApp-Image-2019-01-17-at-09.48.47-800x445-225x300.jpeg 225w\" data-sizes=\"(max-width: 467px) 100vw, 467px\" src=\"data:image\/svg+xml;base64,PHN2ZyB3aWR0aD0iMSIgaGVpZ2h0PSIxIiB4bWxucz0iaHR0cDovL3d3dy53My5vcmcvMjAwMC9zdmciPjwvc3ZnPg==\" style=\"--smush-placeholder-width: 467px; --smush-placeholder-aspect-ratio: 467\/622;\" \/><\/figure><\/div>\n","protected":false},"excerpt":{"rendered":"<p>La polic\u00eda de nuestra ciudad realiz\u00f3 allanamientos con el fin del esclarecimiento de dos hechos delictivos ocurridos en nuestra ciudad, donde se robaron un amotocicleta en uno de los hechos y un equipo de m\u00fasica en otro. El primer allanamiento tuvo lugar en una vivienda ubicada en calle manuel Iglesias al 2000, donde el Personal [&hellip;]<\/p>\n","protected":false},"author":4,"featured_media":25826,"comment_status":"open","ping_status":"closed","sticky":false,"template":"","format":"standard","meta":{"om_disable_all_campaigns":false,"_jetpack_memberships_contains_paid_content":false,"footnotes":""},"categories":[2,103],"tags":[],"class_list":["post-46095","post","type-post","status-publish","format-standard","has-post-thumbnail","hentry","category-locales","category-policiales-locales"],"aioseo_notices":[],"gutentor_comment":0,"jetpack_featured_media_url":"https:\/\/eldiariodesanpedro.com.ar\/sitio\/wp-content\/uploads\/2017\/11\/Se-realiz\u00f3-un-allanamiento-donde-se-encontraron-armas-utilizadas-para-il\u00edcitos.jpg","jetpack_shortlink":"https:\/\/wp.me\/p6RhLt-bZt","jetpack_sharing_enabled":true,"_links":{"self":[{"href":"https:\/\/eldiariodesanpedro.com.ar\/sitio\/wp-json\/wp\/v2\/posts\/46095","targetHints":{"allow":["GET"]}}],"collection":[{"href":"https:\/\/eldiariodesanpedro.com.ar\/sitio\/wp-json\/wp\/v2\/posts"}],"about":[{"href":"https:\/\/eldiariodesanpedro.com.ar\/sitio\/wp-json\/wp\/v2\/types\/post"}],"author":[{"embeddable":true,"href":"https:\/\/eldiariodesanpedro.com.ar\/sitio\/wp-json\/wp\/v2\/users\/4"}],"replies":[{"embeddable":true,"href":"https:\/\/eldiariodesanpedro.com.ar\/sitio\/wp-json\/wp\/v2\/comments?post=46095"}],"version-history":[{"count":2,"href":"https:\/\/eldiariodesanpedro.com.ar\/sitio\/wp-json\/wp\/v2\/posts\/46095\/revisions"}],"predecessor-version":[{"id":46106,"href":"https:\/\/eldiariodesanpedro.com.ar\/sitio\/wp-json\/wp\/v2\/posts\/46095\/revisions\/46106"}],"wp:featuredmedia":[{"embeddable":true,"href":"https:\/\/eldiariodesanpedro.com.ar\/sitio\/wp-json\/wp\/v2\/media\/25826"}],"wp:attachment":[{"href":"https:\/\/eldiariodesanpedro.com.ar\/sitio\/wp-json\/wp\/v2\/media?parent=46095"}],"wp:term":[{"taxonomy":"category","embeddable":true,"href":"https:\/\/eldiariodesanpedro.com.ar\/sitio\/wp-json\/wp\/v2\/categories?post=46095"},{"taxonomy":"post_tag","embeddable":true,"href":"https:\/\/eldiariodesanpedro.com.ar\/sitio\/wp-json\/wp\/v2\/tags?post=46095"}],"curies":[{"name":"wp","href":"https:\/\/api.w.org\/{rel}","templated":true}]}}