{"id":46093,"date":"2019-01-17T11:59:25","date_gmt":"2019-01-17T14:59:25","guid":{"rendered":"https:\/\/eldiariodesanpedro.com.ar\/sitio\/?p=46093"},"modified":"2019-01-17T11:59:33","modified_gmt":"2019-01-17T14:59:33","slug":"dos-talleres-de-chapa-y-pintura-clausurados","status":"publish","type":"post","link":"https:\/\/eldiariodesanpedro.com.ar\/sitio\/dos-talleres-de-chapa-y-pintura-clausurados\/","title":{"rendered":"Dos talleres de chapa y pintura clausurados"},"content":{"rendered":"<!-- VideographyWP Plugin Message: Automatic video embedding prevented by plugin options. -->\n\n<p>El dia de ayer se realizaron operativos por parte de la Direccion de Inspeccion Municipal junto a al Personal de Gabinete Criminol\u00f3gico en diferentes talleres mecanicos de los cuales fueron clausurados dos.<\/p>\n\n\n\n<p>La primer clausura se llev\u00f3 a cabo en taller de chapa y pintura, ubicado en calle Gomendio al 2900, en una segunda oportunidad se hicieron presentes en calle Caron\u00ed al 100 tambien taller dedicado a la reparaci\u00f3n de chapa y pintura de vehiculos, los cuales fueron clausurados al constatar el faltante del libro de control correspondiente, como as\u00ed de la habilitaci\u00f3n municipal, procediendo a labrar acta de infracci\u00f3n a Ley 13081 y a la clausura del mismo con intervenci\u00f3n del Juzgado de Paz local.<\/p>\n","protected":false},"excerpt":{"rendered":"<p>El dia de ayer se realizaron operativos por parte de la Direccion de Inspeccion Municipal junto a al Personal de Gabinete Criminol\u00f3gico en diferentes talleres mecanicos de los cuales fueron clausurados dos. La primer clausura se llev\u00f3 a cabo en taller de chapa y pintura, ubicado en calle Gomendio al 2900, en una segunda oportunidad [&hellip;]<\/p>\n","protected":false},"author":4,"featured_media":5682,"comment_status":"open","ping_status":"closed","sticky":false,"template":"","format":"standard","meta":{"om_disable_all_campaigns":false,"_jetpack_memberships_contains_paid_content":false,"footnotes":""},"categories":[2,103],"tags":[],"class_list":["post-46093","post","type-post","status-publish","format-standard","has-post-thumbnail","hentry","category-locales","category-policiales-locales"],"aioseo_notices":[],"gutentor_comment":0,"jetpack_featured_media_url":"https:\/\/eldiariodesanpedro.com.ar\/sitio\/wp-content\/uploads\/2016\/07\/Clausurado.jpg","jetpack_shortlink":"https:\/\/wp.me\/p6RhLt-bZr","jetpack_sharing_enabled":true,"_links":{"self":[{"href":"https:\/\/eldiariodesanpedro.com.ar\/sitio\/wp-json\/wp\/v2\/posts\/46093","targetHints":{"allow":["GET"]}}],"collection":[{"href":"https:\/\/eldiariodesanpedro.com.ar\/sitio\/wp-json\/wp\/v2\/posts"}],"about":[{"href":"https:\/\/eldiariodesanpedro.com.ar\/sitio\/wp-json\/wp\/v2\/types\/post"}],"author":[{"embeddable":true,"href":"https:\/\/eldiariodesanpedro.com.ar\/sitio\/wp-json\/wp\/v2\/users\/4"}],"replies":[{"embeddable":true,"href":"https:\/\/eldiariodesanpedro.com.ar\/sitio\/wp-json\/wp\/v2\/comments?post=46093"}],"version-history":[{"count":1,"href":"https:\/\/eldiariodesanpedro.com.ar\/sitio\/wp-json\/wp\/v2\/posts\/46093\/revisions"}],"predecessor-version":[{"id":46094,"href":"https:\/\/eldiariodesanpedro.com.ar\/sitio\/wp-json\/wp\/v2\/posts\/46093\/revisions\/46094"}],"wp:featuredmedia":[{"embeddable":true,"href":"https:\/\/eldiariodesanpedro.com.ar\/sitio\/wp-json\/wp\/v2\/media\/5682"}],"wp:attachment":[{"href":"https:\/\/eldiariodesanpedro.com.ar\/sitio\/wp-json\/wp\/v2\/media?parent=46093"}],"wp:term":[{"taxonomy":"category","embeddable":true,"href":"https:\/\/eldiariodesanpedro.com.ar\/sitio\/wp-json\/wp\/v2\/categories?post=46093"},{"taxonomy":"post_tag","embeddable":true,"href":"https:\/\/eldiariodesanpedro.com.ar\/sitio\/wp-json\/wp\/v2\/tags?post=46093"}],"curies":[{"name":"wp","href":"https:\/\/api.w.org\/{rel}","templated":true}]}}