{"id":46091,"date":"2019-01-17T11:50:09","date_gmt":"2019-01-17T14:50:09","guid":{"rendered":"https:\/\/eldiariodesanpedro.com.ar\/sitio\/?p=46091"},"modified":"2019-01-17T12:01:25","modified_gmt":"2019-01-17T15:01:25","slug":"se-registraron-dos-denuncia-por-amenazas-en-la-comisaria-local","status":"publish","type":"post","link":"https:\/\/eldiariodesanpedro.com.ar\/sitio\/se-registraron-dos-denuncia-por-amenazas-en-la-comisaria-local\/","title":{"rendered":"Se registraron dos denuncia por amenazas en la comisar\u00eda local"},"content":{"rendered":"<!-- VideographyWP Plugin Message: Automatic video embedding prevented by plugin options. -->\n\n<p>Este mi\u00e9rcoles una ciudadana realiz\u00f3 una denuncia en la comisar\u00eda local, declarando que momentos se encontraba en la Escuela de Psicolog\u00eda, de la cual resulta ser representante, ubicado en calle  Honorio Pueyrred\u00f3n 135, se hicieron presentes varias mujeres y un masculino a quienes reconoce por ser alumnas de esa instituci\u00f3n, profiriendo insultos y amenazas hacia su persona, refiriendo que iban a incendiar el lugar.   <\/p>\n\n\n\n<p>Adem\u00e1s se recibi\u00f3 otra denuncia en la dependencia local por parte de una mujer, quien coment\u00f3 que momento en que se halla en su departamento ubicado en calle CAsella al 200, Barrio Fonavi II, es amenazada de muerte por vecina, con quien tiene problemas de larga data por motivos desacuerdo vecinal.<\/p>\n\n\n\n<p>En ambos casos investiga la fiscalia de turno.  <\/p>\n","protected":false},"excerpt":{"rendered":"<p>Este mi\u00e9rcoles una ciudadana realiz\u00f3 una denuncia en la comisar\u00eda local, declarando que momentos se encontraba en la Escuela de Psicolog\u00eda, de la cual resulta ser representante, ubicado en calle Honorio Pueyrred\u00f3n 135, se hicieron presentes varias mujeres y un masculino a quienes reconoce por ser alumnas de esa instituci\u00f3n, profiriendo insultos y amenazas hacia [&hellip;]<\/p>\n","protected":false},"author":4,"featured_media":16985,"comment_status":"open","ping_status":"closed","sticky":false,"template":"","format":"standard","meta":{"om_disable_all_campaigns":false,"_jetpack_memberships_contains_paid_content":false,"footnotes":""},"categories":[2,103],"tags":[],"class_list":["post-46091","post","type-post","status-publish","format-standard","has-post-thumbnail","hentry","category-locales","category-policiales-locales"],"aioseo_notices":[],"gutentor_comment":0,"jetpack_featured_media_url":"https:\/\/eldiariodesanpedro.com.ar\/sitio\/wp-content\/uploads\/2017\/04\/DSC_0218-e1491428995946.jpg","jetpack_shortlink":"https:\/\/wp.me\/p6RhLt-bZp","jetpack_sharing_enabled":true,"_links":{"self":[{"href":"https:\/\/eldiariodesanpedro.com.ar\/sitio\/wp-json\/wp\/v2\/posts\/46091","targetHints":{"allow":["GET"]}}],"collection":[{"href":"https:\/\/eldiariodesanpedro.com.ar\/sitio\/wp-json\/wp\/v2\/posts"}],"about":[{"href":"https:\/\/eldiariodesanpedro.com.ar\/sitio\/wp-json\/wp\/v2\/types\/post"}],"author":[{"embeddable":true,"href":"https:\/\/eldiariodesanpedro.com.ar\/sitio\/wp-json\/wp\/v2\/users\/4"}],"replies":[{"embeddable":true,"href":"https:\/\/eldiariodesanpedro.com.ar\/sitio\/wp-json\/wp\/v2\/comments?post=46091"}],"version-history":[{"count":1,"href":"https:\/\/eldiariodesanpedro.com.ar\/sitio\/wp-json\/wp\/v2\/posts\/46091\/revisions"}],"predecessor-version":[{"id":46092,"href":"https:\/\/eldiariodesanpedro.com.ar\/sitio\/wp-json\/wp\/v2\/posts\/46091\/revisions\/46092"}],"wp:featuredmedia":[{"embeddable":true,"href":"https:\/\/eldiariodesanpedro.com.ar\/sitio\/wp-json\/wp\/v2\/media\/16985"}],"wp:attachment":[{"href":"https:\/\/eldiariodesanpedro.com.ar\/sitio\/wp-json\/wp\/v2\/media?parent=46091"}],"wp:term":[{"taxonomy":"category","embeddable":true,"href":"https:\/\/eldiariodesanpedro.com.ar\/sitio\/wp-json\/wp\/v2\/categories?post=46091"},{"taxonomy":"post_tag","embeddable":true,"href":"https:\/\/eldiariodesanpedro.com.ar\/sitio\/wp-json\/wp\/v2\/tags?post=46091"}],"curies":[{"name":"wp","href":"https:\/\/api.w.org\/{rel}","templated":true}]}}