{"id":46087,"date":"2019-01-17T11:40:04","date_gmt":"2019-01-17T14:40:04","guid":{"rendered":"https:\/\/eldiariodesanpedro.com.ar\/sitio\/?p=46087"},"modified":"2019-01-17T11:40:12","modified_gmt":"2019-01-17T14:40:12","slug":"zarate-confirman-el-primer-caso-de-hantavirus","status":"publish","type":"post","link":"https:\/\/eldiariodesanpedro.com.ar\/sitio\/zarate-confirman-el-primer-caso-de-hantavirus\/","title":{"rendered":"Z\u00c1RATE: Confirman el primer caso de Hantavirus"},"content":{"rendered":"<!-- VideographyWP Plugin Message: Automatic video embedding prevented by plugin options. -->\n\n<p> Tras los rumores que circularon durante el d\u00eda, se pudo confirmar que apareci\u00f3 en Z\u00e1rate el primer caso de Hantavirus. Se trata de un empleado de la firma TZ y su estado es delicado. En las pr\u00f3ximas horas ser\u00e1 derivado a un centro de mayor complejidad. <\/p>\n\n\n\n<p>En horas de la tarde de este mi\u00e9rcoles pudo confirmarse que existe un primer caso de Hantavirus en Z\u00e1rate. Un empleado de la empresa Z\u00e1rate hab\u00eda sido atendido en el Hospital Virgen del Carmen y despu\u00e9s derivado, por su obra social, a la Cl\u00ednica Privada del Carmen.<\/p>\n\n\n\n<p>En el nosocomio local enviaron muestras a los laboratorios de Pergamino, uno de los referentes en el estudio del mal, que confirm\u00f3 el diagn\u00f3stico.<\/p>\n\n\n\n<p>Su estado es muy delicado y en horas de la madrugada ser\u00e1 trasladado a un centro de mayor complejidad.<\/p>\n\n\n\n<p>Fuente: Enlace Critico<\/p>\n","protected":false},"excerpt":{"rendered":"<p>Tras los rumores que circularon durante el d\u00eda, se pudo confirmar que apareci\u00f3 en Z\u00e1rate el primer caso de Hantavirus. Se trata de un empleado de la firma TZ y su estado es delicado. En las pr\u00f3ximas horas ser\u00e1 derivado a un centro de mayor complejidad. En horas de la tarde de este mi\u00e9rcoles pudo [&hellip;]<\/p>\n","protected":false},"author":4,"featured_media":46088,"comment_status":"open","ping_status":"closed","sticky":false,"template":"","format":"standard","meta":{"om_disable_all_campaigns":false,"_jetpack_memberships_contains_paid_content":false,"footnotes":""},"categories":[621],"tags":[],"class_list":["post-46087","post","type-post","status-publish","format-standard","has-post-thumbnail","hentry","category-regionales"],"aioseo_notices":[],"gutentor_comment":0,"jetpack_featured_media_url":"https:\/\/eldiariodesanpedro.com.ar\/sitio\/wp-content\/uploads\/2019\/01\/Clinica-del-Carmen-300x182.jpg","jetpack_shortlink":"https:\/\/wp.me\/p6RhLt-bZl","jetpack_sharing_enabled":true,"_links":{"self":[{"href":"https:\/\/eldiariodesanpedro.com.ar\/sitio\/wp-json\/wp\/v2\/posts\/46087","targetHints":{"allow":["GET"]}}],"collection":[{"href":"https:\/\/eldiariodesanpedro.com.ar\/sitio\/wp-json\/wp\/v2\/posts"}],"about":[{"href":"https:\/\/eldiariodesanpedro.com.ar\/sitio\/wp-json\/wp\/v2\/types\/post"}],"author":[{"embeddable":true,"href":"https:\/\/eldiariodesanpedro.com.ar\/sitio\/wp-json\/wp\/v2\/users\/4"}],"replies":[{"embeddable":true,"href":"https:\/\/eldiariodesanpedro.com.ar\/sitio\/wp-json\/wp\/v2\/comments?post=46087"}],"version-history":[{"count":1,"href":"https:\/\/eldiariodesanpedro.com.ar\/sitio\/wp-json\/wp\/v2\/posts\/46087\/revisions"}],"predecessor-version":[{"id":46089,"href":"https:\/\/eldiariodesanpedro.com.ar\/sitio\/wp-json\/wp\/v2\/posts\/46087\/revisions\/46089"}],"wp:featuredmedia":[{"embeddable":true,"href":"https:\/\/eldiariodesanpedro.com.ar\/sitio\/wp-json\/wp\/v2\/media\/46088"}],"wp:attachment":[{"href":"https:\/\/eldiariodesanpedro.com.ar\/sitio\/wp-json\/wp\/v2\/media?parent=46087"}],"wp:term":[{"taxonomy":"category","embeddable":true,"href":"https:\/\/eldiariodesanpedro.com.ar\/sitio\/wp-json\/wp\/v2\/categories?post=46087"},{"taxonomy":"post_tag","embeddable":true,"href":"https:\/\/eldiariodesanpedro.com.ar\/sitio\/wp-json\/wp\/v2\/tags?post=46087"}],"curies":[{"name":"wp","href":"https:\/\/api.w.org\/{rel}","templated":true}]}}