{"id":46083,"date":"2019-01-17T11:32:33","date_gmt":"2019-01-17T14:32:33","guid":{"rendered":"https:\/\/eldiariodesanpedro.com.ar\/sitio\/?p=46083"},"modified":"2019-01-17T11:32:42","modified_gmt":"2019-01-17T14:32:42","slug":"campana-denuncian-que-su-hijo-de-cuatro-anos-fue-abusado-por-un-joven-de-21","status":"publish","type":"post","link":"https:\/\/eldiariodesanpedro.com.ar\/sitio\/campana-denuncian-que-su-hijo-de-cuatro-anos-fue-abusado-por-un-joven-de-21\/","title":{"rendered":"CAMPANA: Denuncian que su hijo de cuatro a\u00f1os fue abusado por un joven de 21"},"content":{"rendered":"<!-- VideographyWP Plugin Message: Automatic video embedding prevented by plugin options. -->\n\n<p>\n\nEl hecho ocurri\u00f3 el lunes en el B\u00ba San Felipe, y el acusado todav\u00eda est\u00e1 libre. Fueron recibidos por la Fiscal Day Arenas, quien dict\u00f3 una restricci\u00f3n perimetral, aunque los padres del menor quieren que vaya preso. A la v\u00edctima le tomar\u00edan declaraci\u00f3n a trav\u00e9s de una c\u00e1mara gesell.<\/p>\n\n\n\n<p>El hecho ocurri\u00f3 en el B\u00ba San Felipe, seg\u00fan la denuncia que sacudi\u00f3 a toda Campana. Un joven de 21 a\u00f1os habr\u00eda abusado de un nene de 4, en dicho barrio. Los padres de la v\u00edctima hab\u00edan hecho la denuncia correspondiente y ayer se encadenaron en la fiscal\u00eda para que se avance con el proceso.<\/p>\n\n\n\n<p>En principio, los estudios m\u00e9dicos arrojaron que no hubo violaci\u00f3n, aunque encontraron semen en el calzoncillo del nene. Por eso se realizar\u00eda una c\u00e1mara gesell al menor, y as\u00ed comenzar a esclarecer lo ocurrido.<\/p>\n\n\n\n<p>La mam\u00e1 de la v\u00edctima, Noem\u00ed Jovita Pereyra, conoce al acusado porque vive a metros de su vivienda, y confirm\u00f3: \u201cSe llama Jorge Daniel Rojas y ya lo denuncie en la Polic\u00eda. El examen de violaci\u00f3n fue descartado pero tenemos que esperar dos meses m\u00e1s hasta que est\u00e9n los resultados\u201d. <a rel=\"noreferrer noopener\" href=\"https:\/\/www.youtube.com\/watch?v=tGcw6aTDYJA\" target=\"_blank\"><br><\/a><br>La madre tambi\u00e9n explic\u00f3 la situaci\u00f3n y cont\u00f3 c\u00f3mo advirti\u00f3 que no estaba el menor en la casa. \u201cEstaba en el patio de atr\u00e1s y no apareci\u00f3 cuando lo llam\u00e9. Entr\u00e9 a la casa y cuando volv\u00ed a salir estaba asustado. En ese momento sospecho de una situaci\u00f3n extra\u00f1a. Le pregunto a mi nene de 4 a\u00f1os y ah\u00ed me cont\u00f3 todo\u201d.<\/p>\n\n\n\n<p>Adem\u00e1s Noem\u00ed, quien se encaden\u00f3 junto a su pareja, dej\u00f3 en claro: \u201cLo primero que hice fue llevar a mi hijo al Hospital. Luego me mandaron a que haga la denuncia correspondiente y ten\u00eda que esperar que venga la Polic\u00eda Cient\u00edfica debido a que encontr\u00e9 semen en el calzoncillo de mi hijo y era necesario esperar\u201d.<\/p>\n\n\n\n<p>Ayer los padres se encadenaron en la Fiscal y consiguieron la entrevista con la Fiscal Day Arenas. Luego, hablaron con la prensa y confirmaron que la idea es realizar una c\u00e1mara gesell al menor. Pese a que todav\u00eda no est\u00e1n conformes, la pareja busca que el culpable vaya preso preventivamente. <\/p>\n\n\n\n<p>Fuente: <a href=\"http:\/\/www.campananoticias.com\">Campana Noticias<\/a><\/p>\n\n\n\n<p><\/p>\n","protected":false},"excerpt":{"rendered":"<p>El hecho ocurri\u00f3 el lunes en el B\u00ba San Felipe, y el acusado todav\u00eda est\u00e1 libre. Fueron recibidos por la Fiscal Day Arenas, quien dict\u00f3 una restricci\u00f3n perimetral, aunque los padres del menor quieren que vaya preso. A la v\u00edctima le tomar\u00edan declaraci\u00f3n a trav\u00e9s de una c\u00e1mara gesell. El hecho ocurri\u00f3 en el B\u00ba [&hellip;]<\/p>\n","protected":false},"author":4,"featured_media":46084,"comment_status":"open","ping_status":"closed","sticky":false,"template":"","format":"standard","meta":{"om_disable_all_campaigns":false,"_jetpack_memberships_contains_paid_content":false,"footnotes":""},"categories":[621],"tags":[],"class_list":["post-46083","post","type-post","status-publish","format-standard","has-post-thumbnail","hentry","category-regionales"],"aioseo_notices":[],"gutentor_comment":0,"jetpack_featured_media_url":"https:\/\/eldiariodesanpedro.com.ar\/sitio\/wp-content\/uploads\/2019\/01\/20190116115111.jpg","jetpack_shortlink":"https:\/\/wp.me\/p6RhLt-bZh","jetpack_sharing_enabled":true,"_links":{"self":[{"href":"https:\/\/eldiariodesanpedro.com.ar\/sitio\/wp-json\/wp\/v2\/posts\/46083","targetHints":{"allow":["GET"]}}],"collection":[{"href":"https:\/\/eldiariodesanpedro.com.ar\/sitio\/wp-json\/wp\/v2\/posts"}],"about":[{"href":"https:\/\/eldiariodesanpedro.com.ar\/sitio\/wp-json\/wp\/v2\/types\/post"}],"author":[{"embeddable":true,"href":"https:\/\/eldiariodesanpedro.com.ar\/sitio\/wp-json\/wp\/v2\/users\/4"}],"replies":[{"embeddable":true,"href":"https:\/\/eldiariodesanpedro.com.ar\/sitio\/wp-json\/wp\/v2\/comments?post=46083"}],"version-history":[{"count":1,"href":"https:\/\/eldiariodesanpedro.com.ar\/sitio\/wp-json\/wp\/v2\/posts\/46083\/revisions"}],"predecessor-version":[{"id":46085,"href":"https:\/\/eldiariodesanpedro.com.ar\/sitio\/wp-json\/wp\/v2\/posts\/46083\/revisions\/46085"}],"wp:featuredmedia":[{"embeddable":true,"href":"https:\/\/eldiariodesanpedro.com.ar\/sitio\/wp-json\/wp\/v2\/media\/46084"}],"wp:attachment":[{"href":"https:\/\/eldiariodesanpedro.com.ar\/sitio\/wp-json\/wp\/v2\/media?parent=46083"}],"wp:term":[{"taxonomy":"category","embeddable":true,"href":"https:\/\/eldiariodesanpedro.com.ar\/sitio\/wp-json\/wp\/v2\/categories?post=46083"},{"taxonomy":"post_tag","embeddable":true,"href":"https:\/\/eldiariodesanpedro.com.ar\/sitio\/wp-json\/wp\/v2\/tags?post=46083"}],"curies":[{"name":"wp","href":"https:\/\/api.w.org\/{rel}","templated":true}]}}